{"id":597,"date":"2017-12-23T16:13:31","date_gmt":"2017-12-23T16:13:31","guid":{"rendered":"https:\/\/kleparz.misjonarze.pl\/index.php\/2017\/12\/23\/boze-narodzenie-2017\/"},"modified":"2017-12-23T16:13:31","modified_gmt":"2017-12-23T16:13:31","slug":"boze-narodzenie-2017","status":"publish","type":"post","link":"https:\/\/kleparz.misjonarze.pl\/index.php\/2017\/12\/23\/boze-narodzenie-2017\/","title":{"rendered":"Bo\u017ce Narodzenie 2017"},"content":{"rendered":"<p>Uroczysto\u015b\u0107 Narodzenia Pa\u0144skiego to \u015bwi\u0119to naszej wiary, nadziei i mi\u0142o\u015bci.<br \/>\nJedna ze wsp\u00f3\u0142czesnych kol\u0119d t\u0119 prawd\u0119 o \u015bwi\u0119towaniu nadziei tak wyra\u017ca:<\/p>\n<p><em>Stan\u0105\u0142 Anio\u0142 po\u015br\u00f3d nas<\/em><br \/>\n<em>Kol\u0119dowa\u0107 z nami chce<\/em><br \/>\n<em>Dzi\u015b si\u0119 zacz\u0105\u0142 liczy\u0107 czas<\/em><br \/>\n<em>Dzi\u015b nadzieja rodzi si\u0119<\/em><br \/>\n<em>Chodz\u0119 z szopk\u0105 tyle lat<\/em><br \/>\n<em>Ale dzisiaj jakby l\u017cej<\/em><br \/>\n<em>Ka\u017cdy dzi\u015b otrzyma\u0142 dar<\/em><br \/>\n<em>Dzi\u015b nadzieja rodzi si\u0119<\/em><\/p>\n<p>Z okazji \u015awi\u0105t Narodzenia Pa\u0144skiego wszystkim, kt\u00f3rzy modl\u0105 si\u0119 w naszym ko\u015bciele sk\u0142adamy najlepsze \u017cyczenia. \u017byczymy obfitego Bo\u017cego b\u0142ogos\u0142awie\u0144stwa, g\u0142\u0119bokiej \u015bwi\u0105tecznej rado\u015bci, prawdziwego pokoju serca, dobrego zdrowia oraz wiele ludzkiej \u017cyczliwo\u015bci.<br \/>\nNiech Matka Bo\u017ca pe\u0142na \u0142aski, wstawia si\u0119 za nami przez wszystkie dni Roku Pa\u0144skiego 2018. Niech \u015bw. J\u00f3zef, Patron obecnego roku liturgicznego otoczy swoj\u0105 opiek\u0105 nasze rodziny, niech jego modlitwa za nas pomo\u017ce przezwyci\u0119\u017cy\u0107 wszelkie trudno\u015bci w \u017cyciu osobistym, rodzinnym i spo\u0142ecznym. Niech blask Nocy Betlejemskiej rozja\u015bnia wszelkie mroki naszej codzienno\u015bci i nape\u0142nia nasze serca nadziej\u0105. Szcz\u0119\u015b\u0107 Bo\u017ce. Ksi\u0119\u017ca Misjonarze<\/p>\n","protected":false},"excerpt":{"rendered":"<p>Uroczysto\u015b\u0107 Narodzenia Pa\u0144skiego to \u015bwi\u0119to naszej wiary, nadziei i mi\u0142o\u015bci. Jedna ze wsp\u00f3\u0142czesnych kol\u0119d t\u0119 prawd\u0119 o \u015bwi\u0119towaniu nadziei tak<\/p>\n","protected":false},"author":1,"featured_media":123,"comment_status":"closed","ping_status":"closed","sticky":false,"template":"","format":"standard","meta":{"colormag_page_container_layout":"default_layout","colormag_page_sidebar_layout":"default_layout","footnotes":""},"categories":[8],"tags":[],"class_list":["post-597","post","type-post","status-publish","format-standard","has-post-thumbnail","hentry","category-zyczenia"],"_links":{"self":[{"href":"https:\/\/kleparz.misjonarze.pl\/index.php\/wp-json\/wp\/v2\/posts\/597","targetHints":{"allow":["GET"]}}],"collection":[{"href":"https:\/\/kleparz.misjonarze.pl\/index.php\/wp-json\/wp\/v2\/posts"}],"about":[{"href":"https:\/\/kleparz.misjonarze.pl\/index.php\/wp-json\/wp\/v2\/types\/post"}],"author":[{"embeddable":true,"href":"https:\/\/kleparz.misjonarze.pl\/index.php\/wp-json\/wp\/v2\/users\/1"}],"replies":[{"embeddable":true,"href":"https:\/\/kleparz.misjonarze.pl\/index.php\/wp-json\/wp\/v2\/comments?post=597"}],"version-history":[{"count":0,"href":"https:\/\/kleparz.misjonarze.pl\/index.php\/wp-json\/wp\/v2\/posts\/597\/revisions"}],"wp:featuredmedia":[{"embeddable":true,"href":"https:\/\/kleparz.misjonarze.pl\/index.php\/wp-json\/wp\/v2\/media\/123"}],"wp:attachment":[{"href":"https:\/\/kleparz.misjonarze.pl\/index.php\/wp-json\/wp\/v2\/media?parent=597"}],"wp:term":[{"taxonomy":"category","embeddable":true,"href":"https:\/\/kleparz.misjonarze.pl\/index.php\/wp-json\/wp\/v2\/categories?post=597"},{"taxonomy":"post_tag","embeddable":true,"href":"https:\/\/kleparz.misjonarze.pl\/index.php\/wp-json\/wp\/v2\/tags?post=597"}],"curies":[{"name":"wp","href":"https:\/\/api.w.org\/{rel}","templated":true}]}}