{"id":4309,"date":"2026-04-25T22:51:35","date_gmt":"2026-04-25T20:51:35","guid":{"rendered":"https:\/\/kleparz.misjonarze.pl\/?p=4309"},"modified":"2026-04-25T22:51:35","modified_gmt":"2026-04-25T20:51:35","slug":"ogloszenia-duszpasterskie-iv-niedziela-wielkanocna-26-04-2026-r","status":"publish","type":"post","link":"https:\/\/kleparz.misjonarze.pl\/index.php\/2026\/04\/25\/ogloszenia-duszpasterskie-iv-niedziela-wielkanocna-26-04-2026-r\/","title":{"rendered":"Og\u0142oszenia Duszpasterskie IV Niedziela Wielkanocna 26.04.2026 r."},"content":{"rendered":"<ol>\n<li>Dzisiejsza niedziela rozpoczyna Tydzie\u0144 Modlitw o Powo\u0142ania do s\u0142u\u017cby w Ko\u015bciele. Polecajmy w naszych prywatnych modlitwach spraw\u0119 powo\u0142ania, za kt\u00f3re wszyscy jeste\u015bmy odpowiedzialni.<\/li>\n<li>W poniedzia\u0142ek 27 kwietnia przypada (miesi\u0119cznica) Nowenna ku czci Niepokalanej Objawiaj\u0105cej Cudowny Medalik. O godzinie 9<sup>00<\/sup> Msza \u015bw., a nast\u0119pnie nabo\u017ce\u0144stwo do Niepokalanej. W tym dniu przypada te\u017c 12 rocznica kanonizacji \u015bw. Jan Paw\u0142a II.<\/li>\n<li>We wtorek przypada wspomnienie b\u0142ogos\u0142awionej Hanny Chrzanowskiej piel\u0119gniarki.<\/li>\n<li>Od \u015brody podczas wieczornych nabo\u017ce\u0144stw nowenna przed uroczysto\u015bci\u0105 \u015bw. Stanis\u0142awa, biskupa i m\u0119czennika<\/li>\n<li>Od czwartku nabo\u017ce\u0144stwa\u00a0 W\u00a0 dni powszednie \u00a0o godzinie 18.00, w niedziele i \u015bwi\u0119ta po Mszy \u015bw. popo\u0142udniowej o godzinie 17.15. Spotkania Majowe pod Figur\u0105\u00a0 na rogu ulic D\u0142ugiej i P\u0119dzich\u00f3w od 1 maja o 20.30.<\/li>\n<li>W tym tygodniu przypadaj\u0105 Dni Eucharystyczne: pierwszy pi\u0105tek i sobota miesi\u0105ca. Po Mszach \u015bwi\u0119tych o godzinie 9.00 okoliczno\u015bciowe nabo\u017ce\u0144stwa.<\/li>\n<li>W liturgii tygodnia: w \u015brod\u0119 \u015bwi\u0119to \u015bw. Katarzyny ze Sieny, dziewicy i doktora Ko\u015bcio\u0142a, patronki Europy. W pi\u0105tek wspomnienie \u015bw. J\u00f3zefa robotnika.<\/li>\n<li><strong>Uroczysto\u015bci zwi\u0105zane ze \u015bwi\u0119tem Naj\u015bwi\u0119tszej Maryi Panny Kr\u00f3lowej Polski \u2013 (3 Maja )-decyzj\u0105\u00a0 Konferencja Episkopatu Polski\u00a0 w tym roku odb\u0119d\u0105 si\u0119\u00a0 dzie\u0144 wcze\u015bniej <u>w\u00a0 SOBOT\u0118\u00a0 2\u00a0 MAJA\u00a0 2026 roku<\/u>.\u00a0 Decyzja ma zwi\u0105zek z V Niedziel\u0105 Wielkanocn\u0105, kt\u00f3ra wypada w\u0142a\u015bnie w tym terminie. MSZE \u015aW. W NASZYM\u00a0 KO\u015aCIELE 2 MAJA 2026 r. wed\u0142ug porz\u0105dku dnia powszedniego o godzinie: <u>5,30 ; 6,00; 7,00 ; 8,00\u00a0 9,00\u00a0 i\u00a0 30 (z Liturgi\u0105 niedzieln\u0105)<\/u>.<\/strong> <strong>W tym dniu na ka\u017cdej Mszy \u015bw. odnowimy \u015aluby Jasnog\u00f3rskie.<\/strong><\/li>\n<li>Msza \u015bwi\u0119ta dla tegorocznych maturzyst\u00f3w miasta Krakowa zostanie odprawiona 3 maja br. o godzinie 18.30 w ko\u015bciele Mariackim.<\/li>\n<\/ol>\n","protected":false},"excerpt":{"rendered":"<p>Dzisiejsza niedziela rozpoczyna Tydzie\u0144 Modlitw o Powo\u0142ania do s\u0142u\u017cby w Ko\u015bciele. Polecajmy w naszych prywatnych modlitwach spraw\u0119 powo\u0142ania, za kt\u00f3re<\/p>\n","protected":false},"author":1,"featured_media":3528,"comment_status":"closed","ping_status":"closed","sticky":false,"template":"","format":"standard","meta":{"colormag_page_container_layout":"default_layout","colormag_page_sidebar_layout":"default_layout","footnotes":""},"categories":[6],"tags":[],"class_list":["post-4309","post","type-post","status-publish","format-standard","has-post-thumbnail","hentry","category-ogloszenia"],"_links":{"self":[{"href":"https:\/\/kleparz.misjonarze.pl\/index.php\/wp-json\/wp\/v2\/posts\/4309","targetHints":{"allow":["GET"]}}],"collection":[{"href":"https:\/\/kleparz.misjonarze.pl\/index.php\/wp-json\/wp\/v2\/posts"}],"about":[{"href":"https:\/\/kleparz.misjonarze.pl\/index.php\/wp-json\/wp\/v2\/types\/post"}],"author":[{"embeddable":true,"href":"https:\/\/kleparz.misjonarze.pl\/index.php\/wp-json\/wp\/v2\/users\/1"}],"replies":[{"embeddable":true,"href":"https:\/\/kleparz.misjonarze.pl\/index.php\/wp-json\/wp\/v2\/comments?post=4309"}],"version-history":[{"count":1,"href":"https:\/\/kleparz.misjonarze.pl\/index.php\/wp-json\/wp\/v2\/posts\/4309\/revisions"}],"predecessor-version":[{"id":4310,"href":"https:\/\/kleparz.misjonarze.pl\/index.php\/wp-json\/wp\/v2\/posts\/4309\/revisions\/4310"}],"wp:featuredmedia":[{"embeddable":true,"href":"https:\/\/kleparz.misjonarze.pl\/index.php\/wp-json\/wp\/v2\/media\/3528"}],"wp:attachment":[{"href":"https:\/\/kleparz.misjonarze.pl\/index.php\/wp-json\/wp\/v2\/media?parent=4309"}],"wp:term":[{"taxonomy":"category","embeddable":true,"href":"https:\/\/kleparz.misjonarze.pl\/index.php\/wp-json\/wp\/v2\/categories?post=4309"},{"taxonomy":"post_tag","embeddable":true,"href":"https:\/\/kleparz.misjonarze.pl\/index.php\/wp-json\/wp\/v2\/tags?post=4309"}],"curies":[{"name":"wp","href":"https:\/\/api.w.org\/{rel}","templated":true}]}}