{"id":4044,"date":"2025-05-03T20:33:56","date_gmt":"2025-05-03T18:33:56","guid":{"rendered":"https:\/\/kleparz.misjonarze.pl\/?p=4044"},"modified":"2025-05-03T20:34:44","modified_gmt":"2025-05-03T18:34:44","slug":"4044","status":"publish","type":"post","link":"https:\/\/kleparz.misjonarze.pl\/index.php\/2025\/05\/03\/4044\/","title":{"rendered":"Og\u0142oszenia Duszpasterskie III Niedziela Wielkanocna 4.05.2025"},"content":{"rendered":"<ol>\n<li>Dzisiaj rozpoczyna si\u0119 Tydzie\u0144 Biblijny. Jest to czas refleksji nad Bibli\u0105 zapocz\u0105tkowany przez \u015bw. Jana Paw\u0142a II w 2009 roku. zach\u0119camy do czytania Pisma \u015bw.<\/li>\n<li>Jutro w liturgii wspomnienie \u015bw. Stanis\u0142awa KAZIMIERCZYKA, kap\u0142ana.<\/li>\n<li>We wtorek \u2013 6 maja \u2013 \u015aWI\u0118TO \u015aWI\u0118TYCH\u00a0 APOSTO\u0141\u00d3W FILIPA i JAKUBA.<\/li>\n<li>Nabo\u017ce\u0144stwa majowe w naszym ko\u015bciele odprawiamy w niedziele o godz.17<sup>15 <\/sup>,w dni powszednie o godz.18<sup>00<\/sup>.<\/li>\n<li>W czwartek \u2013 8 maja \u2013 <strong>UROCZYSTO\u015a\u0106 \u015aW. STANIS\u0141AWA, BISKUPA <\/strong>\u00a0 i M\u0118CZENNIKA \u2013 g\u0142\u00f3wnego patrona Polski i archidiecezji krakowskiej.<br \/>\nUroczyste Msze \u015bw. w naszym ko\u015bciele\u00a0 o godz. 9<sup>00<\/sup> i 17<sup>30<\/sup>. Nowenn\u0119 przed uroczysto\u015bci\u0105odmawiamy podczas nabo\u017ce\u0144stw majowych.<\/li>\n<li>W pi\u0105tek \u2013 9 maja \u2013 przypada <strong>Uroczysto\u015b\u0107 \u015bw. Ludwiki de Marillac<\/strong>, wsp\u00f3\u0142za\u0142o\u017cycielki Zgromadzenia Si\u00f3str Mi\u0142osierdzia. W tym dniu otoczmy Siostry Mi\u0142osierdzia, kt\u00f3re pos\u0142uguj\u0105 r\u00f3wnie\u017c w naszym Domu i ko\u015bciele, szczeg\u00f3ln\u0105 modlitw\u0105. Wypraszajmy Siostrom potrzebne Bo\u017ce b\u0142ogos\u0142awie\u0144stwo w realizacji charyzmatu Zgromadzenia i \u0142ask\u0119 nowych powo\u0142a\u0144.<\/li>\n<li>W przysz\u0142\u0105 niedziel\u0119 \u2013 11 maja o godzinie 15<sup>00<\/sup> MSZA\u00a0 \u015aW. w kaplicy Matki Bo\u017cej Lourde\u0144skiej\u00a0 przy s\u0142yn\u0105cej \u0141askami Figurze w intencji chorych i cierpi\u0105cych\u00a0 udzieleniem Sakramentu Chorych. Przed Msz\u0105 \u015bw. Koronka do Bo\u017cego Mi\u0142osierdzia.<\/li>\n<li>Ks. Abp Marek J\u0119draszewski, Metropolita Krakowski serdecznie zaprasza wszystkich Wiernych na Procesj\u0119 \u015bw. Stanis\u0142awa z Wawelu na Ska\u0142k\u0119. Procesja odb\u0119dzie si\u0119 za tydzie\u0144 w niedziel\u0119 \u2013 11 maja i\u00a0 wyruszy z Wawelu o godz. 9<sup>00<\/sup> .\u00a0\u00a0 Msza \u015bw. na Ska\u0142ce o godzinie 10.00.<\/li>\n<\/ol>\n","protected":false},"excerpt":{"rendered":"<p>Dzisiaj rozpoczyna si\u0119 Tydzie\u0144 Biblijny. Jest to czas refleksji nad Bibli\u0105 zapocz\u0105tkowany przez \u015bw. Jana Paw\u0142a II w 2009 roku.<\/p>\n","protected":false},"author":1,"featured_media":3528,"comment_status":"closed","ping_status":"closed","sticky":false,"template":"","format":"standard","meta":{"colormag_page_container_layout":"default_layout","colormag_page_sidebar_layout":"default_layout","footnotes":""},"categories":[6],"tags":[],"class_list":["post-4044","post","type-post","status-publish","format-standard","has-post-thumbnail","hentry","category-ogloszenia"],"_links":{"self":[{"href":"https:\/\/kleparz.misjonarze.pl\/index.php\/wp-json\/wp\/v2\/posts\/4044","targetHints":{"allow":["GET"]}}],"collection":[{"href":"https:\/\/kleparz.misjonarze.pl\/index.php\/wp-json\/wp\/v2\/posts"}],"about":[{"href":"https:\/\/kleparz.misjonarze.pl\/index.php\/wp-json\/wp\/v2\/types\/post"}],"author":[{"embeddable":true,"href":"https:\/\/kleparz.misjonarze.pl\/index.php\/wp-json\/wp\/v2\/users\/1"}],"replies":[{"embeddable":true,"href":"https:\/\/kleparz.misjonarze.pl\/index.php\/wp-json\/wp\/v2\/comments?post=4044"}],"version-history":[{"count":2,"href":"https:\/\/kleparz.misjonarze.pl\/index.php\/wp-json\/wp\/v2\/posts\/4044\/revisions"}],"predecessor-version":[{"id":4047,"href":"https:\/\/kleparz.misjonarze.pl\/index.php\/wp-json\/wp\/v2\/posts\/4044\/revisions\/4047"}],"wp:featuredmedia":[{"embeddable":true,"href":"https:\/\/kleparz.misjonarze.pl\/index.php\/wp-json\/wp\/v2\/media\/3528"}],"wp:attachment":[{"href":"https:\/\/kleparz.misjonarze.pl\/index.php\/wp-json\/wp\/v2\/media?parent=4044"}],"wp:term":[{"taxonomy":"category","embeddable":true,"href":"https:\/\/kleparz.misjonarze.pl\/index.php\/wp-json\/wp\/v2\/categories?post=4044"},{"taxonomy":"post_tag","embeddable":true,"href":"https:\/\/kleparz.misjonarze.pl\/index.php\/wp-json\/wp\/v2\/tags?post=4044"}],"curies":[{"name":"wp","href":"https:\/\/api.w.org\/{rel}","templated":true}]}}