{"id":4042,"date":"2025-04-26T21:50:59","date_gmt":"2025-04-26T19:50:59","guid":{"rendered":"https:\/\/kleparz.misjonarze.pl\/?p=4042"},"modified":"2025-04-26T21:50:59","modified_gmt":"2025-04-26T19:50:59","slug":"ogloszenia-duszpasterskie-niedziela-milosierdzia-bozego-2-niedziela-wielkanocna-27-04-2025","status":"publish","type":"post","link":"https:\/\/kleparz.misjonarze.pl\/index.php\/2025\/04\/26\/ogloszenia-duszpasterskie-niedziela-milosierdzia-bozego-2-niedziela-wielkanocna-27-04-2025\/","title":{"rendered":"Og\u0142oszenia Duszpasterskie Niedziela Mi\u0142osierdzia Bo\u017cego 2 Niedziela Wielkanocna 27.04.2025"},"content":{"rendered":"<ol>\n<li>Dzisiaj w <strong>Uroczysto\u015b\u0107 Bo\u017cego Mi\u0142osierdzia <\/strong>o godzinie 15.00 Koronka do Mi\u0142osierdzia Bo\u017cego. W <strong>Sanktuarium Bo\u017cego Mi\u0142osierdzia w \u0141agiewnikach, <\/strong>g\u0142\u00f3wna Msza \u015bw. pod przewodnictwem arcybiskupa Marka J\u0119draszewskiego, metropolity krakowskiego <strong>o godz. 10<sup>00\u00a0<\/sup><\/strong>przy o\u0142tarzu polowym, transmitowana przez TVP-1. B\u0119dzie to tak\u017ce wielkie dzi\u0119kczynienie za dar \u017cycia i pontyfikatu zmar\u0142ego Ojca \u015awi\u0119tego Franciszka. Podczas tej Mszy \u015bwi\u0119tej zostanie po\u015bwi\u0119cony Dzwon Nadziei dla Sanktuarium Bo\u017cego Mi\u0142osierdzia w Medio Mundo w diecezji Huacho w Peru. Prze\u017cywamy te\u017c\u00a0 XI rocznic\u0119 kanonizacji \u015bw. Jana Paw\u0142a II.<\/li>\n<li><strong> Dzisiaj rozpoczyna si\u0119 81. Tydzie\u0144 Mi\u0142osierdzia.<\/strong> Jego has\u0142em s\u0105 s\u0142owa: <em>&#8222;Mi\u0142osierdzie \u017ar\u00f3d\u0142em nadziei&#8221;.<\/em>Tydzie\u0144 Mi\u0142osierdzia zach\u0119ca nas do podj\u0119cia pos\u0142ugi mi\u0142osierdzia wobec chorych, cierpi\u0105cych, ubogich i potrzebuj\u0105cych naszej pomocy. Ofiary na ubogich mo\u017cna sk\u0142ada\u0107 do skarbony przy wyj\u015bciu z ko\u015bcio\u0142a.<\/li>\n<li>W liturgii Tygodnia we wtorek \u015bwi\u0119to \u015bw. Katarzyny ze Sieny, dziewicy i doktora Ko\u015bcio\u0142a, patronki Europy; w pi\u0105tek wspomnienie \u015bw. Atanazego, biskupa i doktora Ko\u015bcio\u0142a.<\/li>\n<li>Nowenn\u0119 przed Uroczysto\u015bci\u0105 \u015bw. Stanis\u0142awa Biskupa i m\u0119czennika odprawia\u0107 b\u0119dziemy od wtorku 29 kwietnia podczas nabo\u017ce\u0144stw wieczornych.<\/li>\n<li>W rozpoczynaj\u0105cym si\u0119 tygodniu przypadaj\u0105 <strong><em>Dni Eucharystyczne<\/em>:<\/strong> pierwszy czwartek, pi\u0105tek i sobota miesi\u0105ca. Po Mszach \u015bwi\u0119tych o godzinie 9<sup>00 <\/sup>okoliczno\u015bciowe nabo\u017ce\u0144stwa.<\/li>\n<li>W czwartek po wieczornej Mszy \u015bwi\u0119tej o godz.17<sup>30<\/sup> odprawimy pierwsze nabo\u017ce\u0144stwo majowe ku czci Naj\u015bwi\u0119tszej Maryi Panny. Nabo\u017ce\u0144stwa majowe w naszym ko\u015bciele b\u0119dziemy odprawiali przez ca\u0142y miesi\u0105c maj po Mszy \u015bw. popo\u0142udniowej<strong>. <\/strong><\/li>\n<li>7<strong>.<\/strong> W sobot\u0119 3 maja <strong>Uroczysto\u015b\u0107 NMP Kr\u00f3lowej Polski<\/strong> g\u0142\u00f3wnej patronki naszej Ojczyzny. Msze \u015bwi\u0119te w naszym ko\u015bciele odprawimy wed\u0142ug porz\u0105dku niedzielnego. W tym dniu na ka\u017cdej Mszy \u015bw. odnowimy \u015aluby Jasnog\u00f3rskie. Msza \u015bwi\u0119ta w intencji Maturzyst\u00f3w w Bazylice Mariackiej o godzinie 18<sup>30<\/sup>.<\/li>\n<\/ol>\n","protected":false},"excerpt":{"rendered":"<p>Dzisiaj w Uroczysto\u015b\u0107 Bo\u017cego Mi\u0142osierdzia o godzinie 15.00 Koronka do Mi\u0142osierdzia Bo\u017cego. W Sanktuarium Bo\u017cego Mi\u0142osierdzia w \u0141agiewnikach, g\u0142\u00f3wna Msza<\/p>\n","protected":false},"author":1,"featured_media":3528,"comment_status":"closed","ping_status":"closed","sticky":false,"template":"","format":"standard","meta":{"colormag_page_container_layout":"default_layout","colormag_page_sidebar_layout":"default_layout","footnotes":""},"categories":[6],"tags":[],"class_list":["post-4042","post","type-post","status-publish","format-standard","has-post-thumbnail","hentry","category-ogloszenia"],"_links":{"self":[{"href":"https:\/\/kleparz.misjonarze.pl\/index.php\/wp-json\/wp\/v2\/posts\/4042","targetHints":{"allow":["GET"]}}],"collection":[{"href":"https:\/\/kleparz.misjonarze.pl\/index.php\/wp-json\/wp\/v2\/posts"}],"about":[{"href":"https:\/\/kleparz.misjonarze.pl\/index.php\/wp-json\/wp\/v2\/types\/post"}],"author":[{"embeddable":true,"href":"https:\/\/kleparz.misjonarze.pl\/index.php\/wp-json\/wp\/v2\/users\/1"}],"replies":[{"embeddable":true,"href":"https:\/\/kleparz.misjonarze.pl\/index.php\/wp-json\/wp\/v2\/comments?post=4042"}],"version-history":[{"count":1,"href":"https:\/\/kleparz.misjonarze.pl\/index.php\/wp-json\/wp\/v2\/posts\/4042\/revisions"}],"predecessor-version":[{"id":4043,"href":"https:\/\/kleparz.misjonarze.pl\/index.php\/wp-json\/wp\/v2\/posts\/4042\/revisions\/4043"}],"wp:featuredmedia":[{"embeddable":true,"href":"https:\/\/kleparz.misjonarze.pl\/index.php\/wp-json\/wp\/v2\/media\/3528"}],"wp:attachment":[{"href":"https:\/\/kleparz.misjonarze.pl\/index.php\/wp-json\/wp\/v2\/media?parent=4042"}],"wp:term":[{"taxonomy":"category","embeddable":true,"href":"https:\/\/kleparz.misjonarze.pl\/index.php\/wp-json\/wp\/v2\/categories?post=4042"},{"taxonomy":"post_tag","embeddable":true,"href":"https:\/\/kleparz.misjonarze.pl\/index.php\/wp-json\/wp\/v2\/tags?post=4042"}],"curies":[{"name":"wp","href":"https:\/\/api.w.org\/{rel}","templated":true}]}}