{"id":3935,"date":"2024-11-30T21:31:54","date_gmt":"2024-11-30T20:31:54","guid":{"rendered":"https:\/\/kleparz.misjonarze.pl\/?p=3935"},"modified":"2024-11-30T21:31:54","modified_gmt":"2024-11-30T20:31:54","slug":"ogloszenia-duszpasterskie-i-niedziela-adwentu-1-xii-2024-r","status":"publish","type":"post","link":"https:\/\/kleparz.misjonarze.pl\/index.php\/2024\/11\/30\/ogloszenia-duszpasterskie-i-niedziela-adwentu-1-xii-2024-r\/","title":{"rendered":"Og\u0142oszenia Duszpasterskie I Niedziela Adwentu 1 XII 2024 r."},"content":{"rendered":"<ol>\n<li>W dzisiejsz\u0105 niedziel\u0119 rozpoczynamy nowy rok liturgiczny. Okres Adwentu, w kt\u00f3ry wkraczamy, ma podw\u00f3jny charakter: najpierw jest czasem oczekiwania na powt\u00f3rne przyj\u015bcie Chrystusa przy ko\u0144cu czas\u00f3w, a jednocze\u015bnie jest czasem naszego przygotowania si\u0119 do radosnego prze\u017cywania \u015awi\u0105t Bo\u017cego Narodzenia.<\/li>\n<li>RORATY czyli Msze \u015bwi\u0119te wotywne o Matce Bo\u017cej w naszym ko\u015bciele b\u0119dziemy odprawia\u0107 w dni powszednie o godz. 7<sup>00<\/sup> Zapraszamy ju\u017c jutro.<\/li>\n<li>W liturgii w rozpoczynaj\u0105cym si\u0119 tygodniu: we wtorek wspomnienie \u015bw. Franciszka Ksawerego, prezbitera; w \u015brod\u0119 \u015bw. Barbary, dziewicy i m\u0119czennicy, patronki g\u00f3rnik\u00f3w.; w pi\u0105tek wspomnienie \u015bw. Miko\u0142aja.<\/li>\n<li>W tym tygodniu przypada pierwszy czwartek, pi\u0105tek i sobota miesi\u0105ca. Po Mszach \u015bwi\u0119tych o godzinie 9.00 okoliczno\u015bciowe nabo\u017ce\u0144stwa.<\/li>\n<li>W przysz\u0142\u0105 niedziel\u0119 8 grudnia przypada Uroczysto\u015b\u0107 Niepokalanego Pocz\u0119cia Naj\u015bwi\u0119tszej Maryi Panny. Po\u00a0 Mszy \u015bw. o godzinie 12<sup>00<\/sup> b\u0119dzie wystawienie Naj\u015bwi\u0119tszego Sakramentu do godziny 15<sup>00<\/sup>.\u00a0 W \u201eGodzinie \u0141aski\u201d od 13<sup>00<\/sup> do 14<sup>00<\/sup> przed wystawionym Naj\u015bwi\u0119tszym Sakramentem b\u0119dziemy wyprasza\u0107 \u0142aski dla naszej Ojczyzny, Ko\u015bcio\u0142a, dla nas samych, dla naszych bliskich i dla ca\u0142ego \u015bwiata. O godzinie 15<sup>00<\/sup> odm\u00f3wimy wsp\u00f3lnie Koronk\u0119 do Mi\u0142osierdzia Bo\u017cego, kt\u00f3ra zako\u0144czy Adoracj\u0119. Przysz\u0142a niedziela to te\u017c Dzie\u0144 modlitwy i pomocy materialnej Ko\u015bcio\u0142owi na Wschodzie. W Bazylice \u015bw. Krzy\u017ca w Warszawie w przysz\u0142\u0105 niedziel\u0119 o godzinie 9.00 Msza \u015bwi\u0119ta transmitowana przez Polskie Radio w programie pierwszym rozpoczynaj\u0105ca Jubileusz czterechsetlecia istnienia Zgromadzenia Misji.<\/li>\n<li>Przy wyj\u015bciu z ko\u015bcio\u0142a dzieci ze \u015awietlicy \u015arodowiskowej im. \u015bw. Wincentego a Paulo w Krakowie z ulicy Warszawskiej 11 wraz z Siostrami Mi\u0142osierdzia zapraszaj\u0105 na kiermasz \u015bwi\u0105teczny. Ka\u017cdy dar serca jest bezcenny.<\/li>\n<li>Na furcie naszego Domu pod numerem 19 i przy wyj\u015bciu z ko\u015bcio\u0142a oraz w zakrystii mo\u017cna zaopatrzy\u0107 si\u0119 ju\u017c w \u015bwiece wigilijne i op\u0142atki. \u015awiece rozprowadzane\u00a0 s\u0105 w ramach\u00a0 <em>Wigilijnego Dzie\u0142a Pomocy Dzieciom organizowanego przez Caritas.<\/em><\/li>\n<\/ol>\n<p>Wszystkim \u017cyczymy dobrego prze\u017cycia pierwszego\u00a0 tygodnia\u00a0 adwentowego.<\/p>\n","protected":false},"excerpt":{"rendered":"<p>W dzisiejsz\u0105 niedziel\u0119 rozpoczynamy nowy rok liturgiczny. Okres Adwentu, w kt\u00f3ry wkraczamy, ma podw\u00f3jny charakter: najpierw jest czasem oczekiwania na<\/p>\n","protected":false},"author":1,"featured_media":3528,"comment_status":"closed","ping_status":"closed","sticky":false,"template":"","format":"standard","meta":{"colormag_page_container_layout":"default_layout","colormag_page_sidebar_layout":"default_layout","footnotes":""},"categories":[6],"tags":[],"class_list":["post-3935","post","type-post","status-publish","format-standard","has-post-thumbnail","hentry","category-ogloszenia"],"_links":{"self":[{"href":"https:\/\/kleparz.misjonarze.pl\/index.php\/wp-json\/wp\/v2\/posts\/3935","targetHints":{"allow":["GET"]}}],"collection":[{"href":"https:\/\/kleparz.misjonarze.pl\/index.php\/wp-json\/wp\/v2\/posts"}],"about":[{"href":"https:\/\/kleparz.misjonarze.pl\/index.php\/wp-json\/wp\/v2\/types\/post"}],"author":[{"embeddable":true,"href":"https:\/\/kleparz.misjonarze.pl\/index.php\/wp-json\/wp\/v2\/users\/1"}],"replies":[{"embeddable":true,"href":"https:\/\/kleparz.misjonarze.pl\/index.php\/wp-json\/wp\/v2\/comments?post=3935"}],"version-history":[{"count":1,"href":"https:\/\/kleparz.misjonarze.pl\/index.php\/wp-json\/wp\/v2\/posts\/3935\/revisions"}],"predecessor-version":[{"id":3936,"href":"https:\/\/kleparz.misjonarze.pl\/index.php\/wp-json\/wp\/v2\/posts\/3935\/revisions\/3936"}],"wp:featuredmedia":[{"embeddable":true,"href":"https:\/\/kleparz.misjonarze.pl\/index.php\/wp-json\/wp\/v2\/media\/3528"}],"wp:attachment":[{"href":"https:\/\/kleparz.misjonarze.pl\/index.php\/wp-json\/wp\/v2\/media?parent=3935"}],"wp:term":[{"taxonomy":"category","embeddable":true,"href":"https:\/\/kleparz.misjonarze.pl\/index.php\/wp-json\/wp\/v2\/categories?post=3935"},{"taxonomy":"post_tag","embeddable":true,"href":"https:\/\/kleparz.misjonarze.pl\/index.php\/wp-json\/wp\/v2\/tags?post=3935"}],"curies":[{"name":"wp","href":"https:\/\/api.w.org\/{rel}","templated":true}]}}