{"id":3744,"date":"2024-03-16T20:29:00","date_gmt":"2024-03-16T19:29:00","guid":{"rendered":"https:\/\/kleparz.misjonarze.pl\/?p=3744"},"modified":"2024-03-16T20:29:00","modified_gmt":"2024-03-16T19:29:00","slug":"ogloszenia-duszpasterskie-v-niedziela-wielkiego-postu-17-marca-2024-r","status":"publish","type":"post","link":"https:\/\/kleparz.misjonarze.pl\/index.php\/2024\/03\/16\/ogloszenia-duszpasterskie-v-niedziela-wielkiego-postu-17-marca-2024-r\/","title":{"rendered":"Og\u0142oszenia Duszpasterskie: V Niedziela Wielkiego Postu &#8211; 17 marca 2024 r."},"content":{"rendered":"<ol>\n<li>Najbli\u017csze dni i bogata w swej wymowie ich liturgia umo\u017cliwi\u0105 nam g\u0142\u0119bsze prze\u017cywanie tajemnicy M\u0119ki, \u015amierci i Zmartwychwstania Chrystusa Pana.<\/li>\n<li>Gorzkie \u017bale z kazaniem pasyjnym dzisiaj o godz. 17<sup>10<\/sup>. Nabo\u017ce\u0144stwa Drogi Krzy\u017cowej w pi\u0105tek o godz. 9<sup>30<\/sup>\u00a0 i\u00a0 18<sup>00<\/sup>.<\/li>\n<li>Okazja do spowiedzi w dni powszednie od 5.30 od 9.30 i od 17.00-18.00.<\/li>\n<li>Zapraszamy do w\u0142\u0105czenia si\u0119 w modlitw\u0119 nowennow\u0105 \u201eAkcja 21:20\u201d. Jest to odmawiana po Apelu Jasnog\u00f3rskim modlitwa <u>w intencji Ojczyzny<\/u>, <u>zgody narodowej <\/u>\u00a0i <u>poszanowania \u017cycia ludzkiego<\/u>, zanoszona za wstawiennictwem \u015bw. Andrzeja Boboli i b\u0142. ks. Jerzego Popie\u0142uszki. Nowenna rozpocz\u0119\u0142a si\u0119\u00a0 wczoraj 16 marca, a zako\u0144czy 24 marca, przed przypadaj\u0105cym 25 marca Dniem \u015awi\u0119to\u015bci \u017bycia. Aby do\u0142\u0105czy\u0107 do nowenny, nale\u017cy ka\u017cdego dnia, odczyta\u0107 intencj\u0119 na dany dzie\u0144 oraz odm\u00f3wi\u0107 \u201eOjcze nasz\u201d, \u201eZdrowa\u015b Maryjo\u201d i dowoln\u0105 modlitw\u0119 \u00a0w intencji Ojczyzny, np. autorstwa ks. Piotra Skargi. Zach\u0119cany do w\u0142\u0105czenia si\u0119 w t\u0119 modlitw\u0119. Wszelkie informacje dotycz\u0105ce nowenny znajduj\u0105 si\u0119 na stronie internetowej: <a href=\"http:\/\/www.nowenna2120.pl\/\">http:\/\/www.nowenna2120.pl\/ <\/a><\/li>\n<li>We wtorek \u2013 19 marca \u2013 b\u0119dziemy obchodzili Uroczysto\u015b\u0107 \u015bw. J\u00f3zefa, Oblubie\u0144ca Naj\u015bwi\u0119tszej Maryi Panny, patrona Ko\u015bcio\u0142a Powszechnego, a tak\u017ce Patrona Miasta Krakowa.<\/li>\n<li>W przysz\u0142\u0105 niedziel\u0119 24 marca na wszystkich Mszach \u015bwi\u0119tych rozpocz\u0119cie rekolekcji wielkopostnych. Rekolekcje potrwaj\u0105 do Wielkiej \u015arody tj. do 27 marca Rekolekcje poprowadzi\u00a0 ks. Jaros\u0142aw Zieli\u0144ski misjonarz.<\/li>\n<li>W przysz\u0142\u0105 niedziel\u0119 przypada Niedziela Palmowa. W czasie ka\u017cdej Mszy \u015bw. odb\u0119dzie si\u0119 obrz\u0119d po\u015bwi\u0119cenia palm.<\/li>\n<li>Zach\u0119camy do udzia\u0142u w nabo\u017ce\u0144stwach wielkopostnych w ko\u015bcio\u0142ach stacyjnych. Szczeg\u00f3\u0142owy program wywieszony jest w gablocie przed ko\u015bcio\u0142em. Ostatnim ko\u015bcio\u0142em Stacyjnym\u00a0 b\u0119dzie Bazylika \u015bw. Floriana\u00a0 &#8211; 23 marca\u00a0 Msza \u015bw. o godzinie 18.30.<\/li>\n<\/ol>\n","protected":false},"excerpt":{"rendered":"<p>Najbli\u017csze dni i bogata w swej wymowie ich liturgia umo\u017cliwi\u0105 nam g\u0142\u0119bsze prze\u017cywanie tajemnicy M\u0119ki, \u015amierci i Zmartwychwstania Chrystusa Pana.<\/p>\n","protected":false},"author":1,"featured_media":3528,"comment_status":"closed","ping_status":"closed","sticky":false,"template":"","format":"standard","meta":{"colormag_page_container_layout":"default_layout","colormag_page_sidebar_layout":"default_layout","footnotes":""},"categories":[6],"tags":[],"class_list":["post-3744","post","type-post","status-publish","format-standard","has-post-thumbnail","hentry","category-ogloszenia"],"_links":{"self":[{"href":"https:\/\/kleparz.misjonarze.pl\/index.php\/wp-json\/wp\/v2\/posts\/3744","targetHints":{"allow":["GET"]}}],"collection":[{"href":"https:\/\/kleparz.misjonarze.pl\/index.php\/wp-json\/wp\/v2\/posts"}],"about":[{"href":"https:\/\/kleparz.misjonarze.pl\/index.php\/wp-json\/wp\/v2\/types\/post"}],"author":[{"embeddable":true,"href":"https:\/\/kleparz.misjonarze.pl\/index.php\/wp-json\/wp\/v2\/users\/1"}],"replies":[{"embeddable":true,"href":"https:\/\/kleparz.misjonarze.pl\/index.php\/wp-json\/wp\/v2\/comments?post=3744"}],"version-history":[{"count":1,"href":"https:\/\/kleparz.misjonarze.pl\/index.php\/wp-json\/wp\/v2\/posts\/3744\/revisions"}],"predecessor-version":[{"id":3745,"href":"https:\/\/kleparz.misjonarze.pl\/index.php\/wp-json\/wp\/v2\/posts\/3744\/revisions\/3745"}],"wp:featuredmedia":[{"embeddable":true,"href":"https:\/\/kleparz.misjonarze.pl\/index.php\/wp-json\/wp\/v2\/media\/3528"}],"wp:attachment":[{"href":"https:\/\/kleparz.misjonarze.pl\/index.php\/wp-json\/wp\/v2\/media?parent=3744"}],"wp:term":[{"taxonomy":"category","embeddable":true,"href":"https:\/\/kleparz.misjonarze.pl\/index.php\/wp-json\/wp\/v2\/categories?post=3744"},{"taxonomy":"post_tag","embeddable":true,"href":"https:\/\/kleparz.misjonarze.pl\/index.php\/wp-json\/wp\/v2\/tags?post=3744"}],"curies":[{"name":"wp","href":"https:\/\/api.w.org\/{rel}","templated":true}]}}