{"id":3739,"date":"2024-03-09T22:37:55","date_gmt":"2024-03-09T21:37:55","guid":{"rendered":"https:\/\/kleparz.misjonarze.pl\/?p=3739"},"modified":"2024-03-09T22:38:08","modified_gmt":"2024-03-09T21:38:08","slug":"ogloszenia-duszpasterskie-iv-niedziela-wielkiego-postu-10-marca-2024-r","status":"publish","type":"post","link":"https:\/\/kleparz.misjonarze.pl\/index.php\/2024\/03\/09\/ogloszenia-duszpasterskie-iv-niedziela-wielkiego-postu-10-marca-2024-r\/","title":{"rendered":"Og\u0142oszenia Duszpasterskie  IV Niedziela Wielkiego Postu &#8211; 10 marca 2024 r."},"content":{"rendered":"<ol>\n<li>W niedziele Wielkiego Postu odprawiamy Gorzkie \u017bale z kazaniem pasyjnym o\u00a0 godzinie 17.10 \u2013 (po Mszy \u015bwi\u0119tej popo\u0142udniowej).<\/li>\n<li>W poniedzia\u0142ek 11 &#8211; go marca o godzinie 15<sup>00<\/sup> w naszym ko\u015bciele\u00a0 Msza\u00a0 \u015bwi\u0119ta\u00a0 w kaplicy Matki Bo\u017cej Lourde\u0144skiej\u00a0 przy s\u0142yn\u0105cej\u00a0 \u0142askami Figurze w intencji chorych i cierpi\u0105cych. Podczas Mszy \u015bw. b\u0119dzie mo\u017cliwo\u015b\u0107 przyj\u0119cia Sakramentu Chorych.<br \/>\nPo Mszy \u015bwi\u0119tej spotkanie Apostolatu Maryjnego.<\/li>\n<li>W pi\u0105tki Wielkiego Postu o godz. 9.30 i\u00a0 00 odprawiamy\u00a0 Drog\u0119 Krzy\u017cow\u0105. Serdecznie zapraszamy do udzia\u0142u w tych nabo\u017ce\u0144stwach pasyjnych.<\/li>\n<li>Rekolekcje wielkopostne w naszym ko\u015bciele prze\u017cywa\u0107 b\u0119dziemy<br \/>\nod Niedzieli Palmowej do Wielkiej \u015arody tj. od 24 do 27 marca \u00a0Rekolekcje poprowadzi ks. Jaros\u0142aw Zieli\u0144ski, misjonarz.<\/li>\n<li>Okazja do spowiedzi w naszym ko\u015bciele w dni powszednie od 5.30 do 9.30 i od 17.00 do 18.00. W niedziele 30 minut przed ka\u017cd\u0105 Msz\u0105 \u015bw.<\/li>\n<li>Zach\u0119camy do udzia\u0142u w nabo\u017ce\u0144stwach wielkopostnych w ko\u015bcio\u0142ach stacyjnych. Szczeg\u00f3\u0142owy program wywieszony jest w gablocie przed ko\u015bcio\u0142em.<\/li>\n<li>Ze smutkiem informujemy, \u017ce w pi\u0105tek 8 marca br. odszed\u0142 do Domu Ojca Jerzy\u00a0 Dzi\u0119ga\u0142a \u2013 kap\u0142an Zgromadzenia Misji. Od 2002 roku zmaga\u0142 si\u0119 z ci\u0119\u017ck\u0105 chorob\u0105. Msza \u015bwi\u0119ta pogrzebowa zostanie odprawiona w naszym ko\u015bciele we wtorek 12 marca br. o godzinie 11<sup>00<\/sup>. O godzinie 13.00 odprowadzenie cia\u0142a od bramy cmentarza rakowickiego do Grobowca Zgromadzenia. Osob\u0119 zmar\u0142ego kap\u0142ana polecamy modlitwie wszystkich wiernych.<\/li>\n<\/ol>\n","protected":false},"excerpt":{"rendered":"<p>W niedziele Wielkiego Postu odprawiamy Gorzkie \u017bale z kazaniem pasyjnym o\u00a0 godzinie 17.10 \u2013 (po Mszy \u015bwi\u0119tej popo\u0142udniowej). W poniedzia\u0142ek<\/p>\n","protected":false},"author":1,"featured_media":3528,"comment_status":"closed","ping_status":"closed","sticky":false,"template":"","format":"standard","meta":{"colormag_page_container_layout":"default_layout","colormag_page_sidebar_layout":"default_layout","footnotes":""},"categories":[6],"tags":[],"class_list":["post-3739","post","type-post","status-publish","format-standard","has-post-thumbnail","hentry","category-ogloszenia"],"_links":{"self":[{"href":"https:\/\/kleparz.misjonarze.pl\/index.php\/wp-json\/wp\/v2\/posts\/3739","targetHints":{"allow":["GET"]}}],"collection":[{"href":"https:\/\/kleparz.misjonarze.pl\/index.php\/wp-json\/wp\/v2\/posts"}],"about":[{"href":"https:\/\/kleparz.misjonarze.pl\/index.php\/wp-json\/wp\/v2\/types\/post"}],"author":[{"embeddable":true,"href":"https:\/\/kleparz.misjonarze.pl\/index.php\/wp-json\/wp\/v2\/users\/1"}],"replies":[{"embeddable":true,"href":"https:\/\/kleparz.misjonarze.pl\/index.php\/wp-json\/wp\/v2\/comments?post=3739"}],"version-history":[{"count":1,"href":"https:\/\/kleparz.misjonarze.pl\/index.php\/wp-json\/wp\/v2\/posts\/3739\/revisions"}],"predecessor-version":[{"id":3740,"href":"https:\/\/kleparz.misjonarze.pl\/index.php\/wp-json\/wp\/v2\/posts\/3739\/revisions\/3740"}],"wp:featuredmedia":[{"embeddable":true,"href":"https:\/\/kleparz.misjonarze.pl\/index.php\/wp-json\/wp\/v2\/media\/3528"}],"wp:attachment":[{"href":"https:\/\/kleparz.misjonarze.pl\/index.php\/wp-json\/wp\/v2\/media?parent=3739"}],"wp:term":[{"taxonomy":"category","embeddable":true,"href":"https:\/\/kleparz.misjonarze.pl\/index.php\/wp-json\/wp\/v2\/categories?post=3739"},{"taxonomy":"post_tag","embeddable":true,"href":"https:\/\/kleparz.misjonarze.pl\/index.php\/wp-json\/wp\/v2\/tags?post=3739"}],"curies":[{"name":"wp","href":"https:\/\/api.w.org\/{rel}","templated":true}]}}