{"id":3736,"date":"2024-03-02T20:25:39","date_gmt":"2024-03-02T19:25:39","guid":{"rendered":"https:\/\/kleparz.misjonarze.pl\/?p=3736"},"modified":"2024-03-02T20:25:39","modified_gmt":"2024-03-02T19:25:39","slug":"ogloszenia-duszpasterskie-iii-niedziela-wielkiego-postu-3-marca-2024-r","status":"publish","type":"post","link":"https:\/\/kleparz.misjonarze.pl\/index.php\/2024\/03\/02\/ogloszenia-duszpasterskie-iii-niedziela-wielkiego-postu-3-marca-2024-r\/","title":{"rendered":"Og\u0142oszenia Duszpasterskie: III Niedziela Wielkiego Postu &#8211; 3 marca 2024 r."},"content":{"rendered":"<ol>\n<li>W liturgii tygodnia w poniedzia\u0142ek 4 marca \u015bwi\u0119to \u015bw. Kazimierza patrona archidiecezji krakowskiej.<\/li>\n<li>We wszystkie niedziele Wielkiego Postu odprawiamy Gorzkie \u017bale z kazaniem pasyjnym po Mszy \u015bwi\u0119tej popo\u0142udniowej\u00a0 godz.17.10.<\/li>\n<li>W pi\u0105tki Wielkiego Postu o godz. 9.30 i\u00a0 00 odprawiamy\u00a0 Drog\u0119 Krzy\u017cow\u0105. Serdecznie zapraszamy wszystkich do udzia\u0142u w tych nabo\u017ce\u0144stwach pasyjnych.<\/li>\n<li>Rekolekcje wielkopostne w naszym ko\u015bciele prze\u017cywa\u0107 b\u0119dziemy od Niedzieli Palmowej do Wielkiej \u015arody, tj. od 24 do 27 marca br.<\/li>\n<li>W tym tygodniu przypada pierwszy czwartek miesi\u0105ca. Po Mszach \u015bwi\u0119tych o godzinie 9.00 i 17.30 nabo\u017ce\u0144stwo o powo\u0142ania kap\u0142a\u0144skie i zakonne.<\/li>\n<li>Okazja do spowiedzi w dni powszednie od 5.30 do 9.30 i od 17.00-18.00.<\/li>\n<li>Zach\u0119camy do udzia\u0142u w nabo\u017ce\u0144stwach wielkopostnych w ko\u015bcio\u0142ach stacyjnych. Szczeg\u00f3\u0142owy program wywieszony jest w gablocie przed ko\u015bcio\u0142em.<\/li>\n<li>Gabinet Amplifon, Rynek Kleparski 5 zaprasza na bezp\u0142atne badania s\u0142uchu w sobot\u0119 9 marca 2024 roku w godzinach 9.00-12.00. Bli\u017csze informacje na plakacie w gablocie przed ko\u015bcio\u0142em.<\/li>\n<li>W przysz\u0142\u0105 niedziel\u0119 10 marca br. na mszy \u015bw. o godzinie 10.30 b\u0119dzie modli\u0142 si\u0119 wraz z nami ch\u00f3r \u017ce\u0144ski Cantantes Angelicus z Rabki-Zdroju. Po mszy serdecznie zapraszamy do pozostania na kr\u00f3tkiej medytacji muzycznej, podczas kt\u00f3rej ch\u00f3r wykona pie\u015bni Wielkopostne w opracowaniu Jacka Glenca. Pie\u015bni te zosta\u0142y nagrane przez zesp\u00f3\u0142 we wrze\u015bniu ubieg\u0142ego roku. Zach\u0119camy do zakupienia p\u0142yty oraz wsparcia zespo\u0142u.<\/li>\n<\/ol>\n","protected":false},"excerpt":{"rendered":"<p>W liturgii tygodnia w poniedzia\u0142ek 4 marca \u015bwi\u0119to \u015bw. Kazimierza patrona archidiecezji krakowskiej. We wszystkie niedziele Wielkiego Postu odprawiamy Gorzkie<\/p>\n","protected":false},"author":1,"featured_media":3528,"comment_status":"closed","ping_status":"closed","sticky":false,"template":"","format":"standard","meta":{"colormag_page_container_layout":"default_layout","colormag_page_sidebar_layout":"default_layout","footnotes":""},"categories":[6],"tags":[],"class_list":["post-3736","post","type-post","status-publish","format-standard","has-post-thumbnail","hentry","category-ogloszenia"],"_links":{"self":[{"href":"https:\/\/kleparz.misjonarze.pl\/index.php\/wp-json\/wp\/v2\/posts\/3736","targetHints":{"allow":["GET"]}}],"collection":[{"href":"https:\/\/kleparz.misjonarze.pl\/index.php\/wp-json\/wp\/v2\/posts"}],"about":[{"href":"https:\/\/kleparz.misjonarze.pl\/index.php\/wp-json\/wp\/v2\/types\/post"}],"author":[{"embeddable":true,"href":"https:\/\/kleparz.misjonarze.pl\/index.php\/wp-json\/wp\/v2\/users\/1"}],"replies":[{"embeddable":true,"href":"https:\/\/kleparz.misjonarze.pl\/index.php\/wp-json\/wp\/v2\/comments?post=3736"}],"version-history":[{"count":1,"href":"https:\/\/kleparz.misjonarze.pl\/index.php\/wp-json\/wp\/v2\/posts\/3736\/revisions"}],"predecessor-version":[{"id":3737,"href":"https:\/\/kleparz.misjonarze.pl\/index.php\/wp-json\/wp\/v2\/posts\/3736\/revisions\/3737"}],"wp:featuredmedia":[{"embeddable":true,"href":"https:\/\/kleparz.misjonarze.pl\/index.php\/wp-json\/wp\/v2\/media\/3528"}],"wp:attachment":[{"href":"https:\/\/kleparz.misjonarze.pl\/index.php\/wp-json\/wp\/v2\/media?parent=3736"}],"wp:term":[{"taxonomy":"category","embeddable":true,"href":"https:\/\/kleparz.misjonarze.pl\/index.php\/wp-json\/wp\/v2\/categories?post=3736"},{"taxonomy":"post_tag","embeddable":true,"href":"https:\/\/kleparz.misjonarze.pl\/index.php\/wp-json\/wp\/v2\/tags?post=3736"}],"curies":[{"name":"wp","href":"https:\/\/api.w.org\/{rel}","templated":true}]}}