{"id":3734,"date":"2024-02-24T18:23:32","date_gmt":"2024-02-24T17:23:32","guid":{"rendered":"https:\/\/kleparz.misjonarze.pl\/?p=3734"},"modified":"2024-02-24T18:23:32","modified_gmt":"2024-02-24T17:23:32","slug":"ogloszenia-duszpasterskie-ii-niedziela-wielkiego-postu-25-lutego-2024-r","status":"publish","type":"post","link":"https:\/\/kleparz.misjonarze.pl\/index.php\/2024\/02\/24\/ogloszenia-duszpasterskie-ii-niedziela-wielkiego-postu-25-lutego-2024-r\/","title":{"rendered":"Og\u0142oszenia Duszpasterskie: II Niedziela Wielkiego Postu &#8211;  25 lutego 2024 r."},"content":{"rendered":"<ol>\n<li>Dzisiejsza niedziela, 2 Wielkiego Postu, w Ko\u015bciele polskim jest <strong>\u201eDniem Modlitwy, Postu i Solidarno\u015bci z Misjonarzami\u201d<\/strong>. Prze\u017cywamy go pod has\u0142em; \u201e<em>W Ko\u015bciele jeste\u015bmy wsp\u00f3lnot\u0105 misyjn\u0105<\/em><em>\u201d<\/em>. We wszystkich ko\u015bcio\u0142ach odbywa si\u0119 Og\u00f3lnopolska zbi\u00f3rka ofiar na potrzeby polskich misjonarzy i misjonarek w organizowaniu dzia\u0142alno\u015bci ewangelizacyjnej oraz realizowaniu dzie\u0142 mi\u0142osierdzia. Ofiary na ten cel mo\u017cna z\u0142o\u017cy\u0107 dzisiaj do skarbony przy wyj\u015bciu z ko\u015bcio\u0142a.<\/li>\n<li>We wtorek 27 lutego przypada (miesi\u0119cznica) Nowenna ku czci Niepokalanej Objawiaj\u0105cej Cudowny Medalik przed jubileuszem 200 rocznicy objawie\u0144 w kaplicy Si\u00f3str Mi\u0142osierdzia w Pary\u017cu na Rue de Bac. O godzinie 9<sup>00<\/sup> Msza \u015bw., a nast\u0119pnie nabo\u017ce\u0144stwo do Niepokalanej.<\/li>\n<li>W tym tygodniu przypadaj\u0105 <em>Dni Eucharystyczne<\/em>: pierwszy\u00a0 pi\u0105tek i sobota miesi\u0105ca. W sobot\u0119 po Mszy \u015bw. o godzinie 9.00 nabo\u017ce\u0144stwo wynagradzaj\u0105ce Niepokalanemu Sercu Maryi. W pi\u0105tek przypada r\u00f3wnie\u017c Narodowy Dzie\u0144 Pami\u0119ci \u017bo\u0142nierzy Wykl\u0119tych. Pami\u0119tajmy w naszej modlitwie o Ojczy\u017anie.<\/li>\n<li>We wszystkie niedziele Wielkiego Postu odprawiamy Gorzkie \u017bale z kazaniem pasyjnym o godz. 17.10 \u2013 (po Mszy \u015bwi\u0119tej popo\u0142udniowej).<\/li>\n<li>W pi\u0105tki Wielkiego Postu o godz. 9.30 i\u00a0 00 odprawiamy\u00a0 Drog\u0119 Krzy\u017cow\u0105. Serdecznie zapraszamy do udzia\u0142u w tych nabo\u017ce\u0144stwach pasyjnych.<\/li>\n<li>Rekolekcje wielkopostne w naszym ko\u015bciele prze\u017cywa\u0107 b\u0119dziemy od Niedzieli Palmowej do Wielkiej \u015arody tj. od 24 do 27 marca<\/li>\n<li>W przysz\u0142\u0105 niedziel\u0119 3 marca podczas Mszy \u015bwi\u0119tych ks. prof. Waldemar Rakocy CM wyg\u0142osi kolejn\u0105 katechez\u0119 nt. Eucharystii: b\u0119dzie kontynuowa\u0142 temat, czym ona jest oraz uka\u017ce g\u0142\u00f3wne r\u00f3\u017cnice ze Msz\u0105 \u015bw. w rycie trydenckim.\u00a0\u00a0Ta katecheza pozwoli zrozumie\u0107 Msz\u0119 \u015bw. zgodnie z duchem posoborowej reformy, a to prowadzi do jej bardziej \u015bwiadomego prze\u017cywania.<\/li>\n<\/ol>\n","protected":false},"excerpt":{"rendered":"<p>Dzisiejsza niedziela, 2 Wielkiego Postu, w Ko\u015bciele polskim jest \u201eDniem Modlitwy, Postu i Solidarno\u015bci z Misjonarzami\u201d. Prze\u017cywamy go pod has\u0142em;<\/p>\n","protected":false},"author":1,"featured_media":3528,"comment_status":"closed","ping_status":"closed","sticky":false,"template":"","format":"standard","meta":{"colormag_page_container_layout":"default_layout","colormag_page_sidebar_layout":"default_layout","footnotes":""},"categories":[6],"tags":[],"class_list":["post-3734","post","type-post","status-publish","format-standard","has-post-thumbnail","hentry","category-ogloszenia"],"_links":{"self":[{"href":"https:\/\/kleparz.misjonarze.pl\/index.php\/wp-json\/wp\/v2\/posts\/3734","targetHints":{"allow":["GET"]}}],"collection":[{"href":"https:\/\/kleparz.misjonarze.pl\/index.php\/wp-json\/wp\/v2\/posts"}],"about":[{"href":"https:\/\/kleparz.misjonarze.pl\/index.php\/wp-json\/wp\/v2\/types\/post"}],"author":[{"embeddable":true,"href":"https:\/\/kleparz.misjonarze.pl\/index.php\/wp-json\/wp\/v2\/users\/1"}],"replies":[{"embeddable":true,"href":"https:\/\/kleparz.misjonarze.pl\/index.php\/wp-json\/wp\/v2\/comments?post=3734"}],"version-history":[{"count":1,"href":"https:\/\/kleparz.misjonarze.pl\/index.php\/wp-json\/wp\/v2\/posts\/3734\/revisions"}],"predecessor-version":[{"id":3735,"href":"https:\/\/kleparz.misjonarze.pl\/index.php\/wp-json\/wp\/v2\/posts\/3734\/revisions\/3735"}],"wp:featuredmedia":[{"embeddable":true,"href":"https:\/\/kleparz.misjonarze.pl\/index.php\/wp-json\/wp\/v2\/media\/3528"}],"wp:attachment":[{"href":"https:\/\/kleparz.misjonarze.pl\/index.php\/wp-json\/wp\/v2\/media?parent=3734"}],"wp:term":[{"taxonomy":"category","embeddable":true,"href":"https:\/\/kleparz.misjonarze.pl\/index.php\/wp-json\/wp\/v2\/categories?post=3734"},{"taxonomy":"post_tag","embeddable":true,"href":"https:\/\/kleparz.misjonarze.pl\/index.php\/wp-json\/wp\/v2\/tags?post=3734"}],"curies":[{"name":"wp","href":"https:\/\/api.w.org\/{rel}","templated":true}]}}