{"id":3712,"date":"2024-02-04T08:31:17","date_gmt":"2024-02-04T07:31:17","guid":{"rendered":"https:\/\/kleparz.misjonarze.pl\/?p=3712"},"modified":"2024-02-04T08:32:43","modified_gmt":"2024-02-04T07:32:43","slug":"ogloszenia-duszpasterskie-5-niedziela-zwykla-4-02-2024-r","status":"publish","type":"post","link":"https:\/\/kleparz.misjonarze.pl\/index.php\/2024\/02\/04\/ogloszenia-duszpasterskie-5-niedziela-zwykla-4-02-2024-r\/","title":{"rendered":"Og\u0142oszenia Duszpasterskie 5 Niedziela Zwyk\u0142a 4.02.2024 r."},"content":{"rendered":"<ol>\n<li>W liturgii tygodnia w poniedzia\u0142ek wspomnienie \u015bw. Agaty dziewicy i m\u0119czennicy; we wtorek \u015bw. m\u0119czennik\u00f3w Paw\u0142a Miki i towarzyszy; w \u015brod\u0119 b\u0142. Rozalii Rendu, dziewicy, Siostry Mi\u0142osierdzia<strong>. <\/strong>W sobot\u0119 wspomnienie \u015bw. Scholastyki, dziewicy.<\/li>\n<li>W <strong>przysz\u0142\u0105 niedziel\u0119 11 lutego w liturgii wspomnienie Matki Bo\u017cej Lourde\u0144skiej<\/strong>. W naszym ko\u015bciele b\u0119dziemy obchodzili doroczn\u0105 Uroczysto\u015b\u0107 Odpustow\u0105. W tym dniu te\u017c przypada XXXII<em> \u015awiatowy Dzie\u0144 Chorego<\/em><strong>. Uroczysta Suma Odpustowa o godzinie 12<sup>00<\/sup>. Liturgii b\u0119dzie przewodniczy\u0142 i kazanie wyg\u0142osi ks. Krzysztof Wrze\u015bniak &#8211; misjonarz. W czasie Mszy \u015bwi\u0119tych o godzinie\u00a0 12<sup>00<\/sup> i 15<sup>00<\/sup> udzielimy Sakrament Namaszczenia osobom chorym, cierpi\u0105cym i starszym wiekiem.<\/strong> Od godziny <strong>13<sup>00<\/sup> do 15<sup>00<\/sup> b\u0119dzie Adoracja Naj\u015bwi\u0119tszego Sakramentu<\/strong> w kaplicy przy figurze Matki Bo\u017cej\u00a0 Lourde\u0144skiej. O godzinie <strong>14<sup>50<\/sup><\/strong> wsp\u00f3lnie odm\u00f3wimy Koronk\u0119 do Bo\u017cego Mi\u0142osierdzia. <strong>B\u0119dzie te\u017c\u00a0 Msza \u015bw. o godzinie 15<sup>00<\/sup>, jak to bywa ka\u017cdego jedenastego dnia miesi\u0105ca<\/strong>. <strong>Serdecznie zapraszamy szczeg\u00f3lnie chorych, cierpi\u0105cych, starszych i opiekuj\u0105cych si\u0119 chorymi do udzia\u0142u w tych Uroczysto\u015bciach.<\/strong><\/li>\n<li>Trwa rekrutacja do Przedszkola nr 2 si\u00f3str Mi\u0142osierdzia przy ul. Warszawskiej 6 w Krakowie. Bli\u017csze informacje na plakacie, w gablocie przed ko\u015bcio\u0142em.<\/li>\n<\/ol>\n","protected":false},"excerpt":{"rendered":"<p>W liturgii tygodnia w poniedzia\u0142ek wspomnienie \u015bw. Agaty dziewicy i m\u0119czennicy; we wtorek \u015bw. m\u0119czennik\u00f3w Paw\u0142a Miki i towarzyszy; w<\/p>\n","protected":false},"author":1,"featured_media":3528,"comment_status":"closed","ping_status":"closed","sticky":false,"template":"","format":"standard","meta":{"colormag_page_container_layout":"default_layout","colormag_page_sidebar_layout":"default_layout","footnotes":""},"categories":[6],"tags":[],"class_list":["post-3712","post","type-post","status-publish","format-standard","has-post-thumbnail","hentry","category-ogloszenia"],"_links":{"self":[{"href":"https:\/\/kleparz.misjonarze.pl\/index.php\/wp-json\/wp\/v2\/posts\/3712","targetHints":{"allow":["GET"]}}],"collection":[{"href":"https:\/\/kleparz.misjonarze.pl\/index.php\/wp-json\/wp\/v2\/posts"}],"about":[{"href":"https:\/\/kleparz.misjonarze.pl\/index.php\/wp-json\/wp\/v2\/types\/post"}],"author":[{"embeddable":true,"href":"https:\/\/kleparz.misjonarze.pl\/index.php\/wp-json\/wp\/v2\/users\/1"}],"replies":[{"embeddable":true,"href":"https:\/\/kleparz.misjonarze.pl\/index.php\/wp-json\/wp\/v2\/comments?post=3712"}],"version-history":[{"count":1,"href":"https:\/\/kleparz.misjonarze.pl\/index.php\/wp-json\/wp\/v2\/posts\/3712\/revisions"}],"predecessor-version":[{"id":3713,"href":"https:\/\/kleparz.misjonarze.pl\/index.php\/wp-json\/wp\/v2\/posts\/3712\/revisions\/3713"}],"wp:featuredmedia":[{"embeddable":true,"href":"https:\/\/kleparz.misjonarze.pl\/index.php\/wp-json\/wp\/v2\/media\/3528"}],"wp:attachment":[{"href":"https:\/\/kleparz.misjonarze.pl\/index.php\/wp-json\/wp\/v2\/media?parent=3712"}],"wp:term":[{"taxonomy":"category","embeddable":true,"href":"https:\/\/kleparz.misjonarze.pl\/index.php\/wp-json\/wp\/v2\/categories?post=3712"},{"taxonomy":"post_tag","embeddable":true,"href":"https:\/\/kleparz.misjonarze.pl\/index.php\/wp-json\/wp\/v2\/tags?post=3712"}],"curies":[{"name":"wp","href":"https:\/\/api.w.org\/{rel}","templated":true}]}}