{"id":3693,"date":"2024-01-27T22:10:14","date_gmt":"2024-01-27T21:10:14","guid":{"rendered":"https:\/\/kleparz.misjonarze.pl\/?p=3693"},"modified":"2024-01-27T22:10:14","modified_gmt":"2024-01-27T21:10:14","slug":"ogloszenia-duszpasterskie-4-niedziela-zwykla-28-01-2024-r","status":"publish","type":"post","link":"https:\/\/kleparz.misjonarze.pl\/index.php\/2024\/01\/27\/ogloszenia-duszpasterskie-4-niedziela-zwykla-28-01-2024-r\/","title":{"rendered":"Og\u0142oszenia Duszpasterskie 4 Niedziela Zwyk\u0142a 28.01.2024 r."},"content":{"rendered":"<ol>\n<li>W liturgii Ko\u015bcio\u0142a wspominamy dzisiaj \u015bw. Tomasza z Akwinu, kap\u0142ana i doktora Ko\u015bcio\u0142a: w \u015brod\u0119 \u015bw. Jana Bosko, prezbitera; w sobot\u0119 \u015bw. B\u0142a\u017ceja m\u0119czennika, patrona od chor\u00f3b gard\u0142a.<\/li>\n<li>W pi\u0105tek <strong>2 lutego<\/strong> <strong>\u015bwi\u0119to Ofiarowania Pa\u0144skiego. Jest to te\u017c XXVIII\u00a0 <em>Dzie\u0144 \u017bycia Konsekrowanego<\/em>. <\/strong>Ofiary z\u0142o\u017cone na tac\u0119 w tym dniu b\u0119d\u0105 przeznaczone na wsparcie\u00a0 zakon\u00f3w kontemplacyjnych. Na liturgi\u0119 przynosimy \u015bwiece. O godzinie 15.00 b\u0119dzie Koronka do Bo\u017cego Mi\u0142osierdzia i spotkanie Apostolatu Maryjnego.<\/li>\n<li>W tym tygodniu przypadaj\u0105 Dni Eucharystyczne: pierwszy czwartek, pi\u0105tek i sobota miesi\u0105ca. Po Mszach \u015bwi\u0119tych o godzinie 9<sup>00<\/sup> okoliczno\u015bciowe nabo\u017ce\u0144stwa. Okazja do spowiedzi\u00a0 przez ca\u0142y tydzie\u0144\u00a0\u00a0 <strong>od\u00a0 5<sup>30\u00a0 <\/sup>do\u00a0 9<sup>30\u00a0\u00a0 <\/sup>i\u00a0 od\u00a0 17<sup>00<\/sup>\u00a0 do\u00a0 18<sup>00<\/sup>.<\/strong><\/li>\n<li>W przysz\u0142\u0105 niedziel\u0119 4 lutego i w kolejnych miesi\u0105cach, ks. prof. Waldemar Rakocy CM wyg\u0142osi kazania katechizmowe nt. Eucharystii, czyli czym jest Msza \u015bw., co stanowi jej istot\u0119, kt\u00f3ry moment jest kulminacyjny, czy ka\u017cdy, kto jest obecny w ko\u015bciele na Mszy \u015bw., w niej uczestniczy.\u00a0Zostanie te\u017c poruszony temat Mszy \u015bw. \u00a0\u00a0\u00a0w rycie trydenckim i r\u00f3\u017cnice z rytem odnowionym po Soborze Watyka\u0144skim II, wed\u0142ug kt\u00f3rego odprawiamy dzisiaj Msz\u0119 \u015bw.\u00a0\u00a0Serdecznie zapraszamy!\u00a0\u00a0Niech to b\u0119dzie cz\u0119\u015bci\u0105 przygotowania do prze\u017cycia Wielkiego Tygodnia.<\/li>\n<li>W niedziel\u0119 11 lutego \u2013 przypada w liturgii \u015awi\u0119to Matki Bo\u017cej Lourde\u0144skiej.<br \/>\nW naszym ko\u015bciele b\u0119dziemy obchodzili doroczn\u0105 Uroczysto\u015b\u0107 Odpustow\u0105. Ju\u017c dzi\u015b informujemy, \u017ce uroczysta Suma Odpustowa b\u0119dzie odprawiona o godzinie 12<sup>00<\/sup>.<\/li>\n<li>Trwa rekrutacja do Przedszkola nr 2 Si\u00f3str Mi\u0142osierdzia przy ul. Warszawskiej 6 w Krakowie. Bli\u017csze informacje na plakacie.<\/li>\n<\/ol>\n<p>Wszystkim \u017cyczymy dobrej niedzieli i Bo\u017cego b\u0142ogos\u0142awie\u0144stwa w kolejnym tygodniu.<\/p>\n","protected":false},"excerpt":{"rendered":"<p>W liturgii Ko\u015bcio\u0142a wspominamy dzisiaj \u015bw. Tomasza z Akwinu, kap\u0142ana i doktora Ko\u015bcio\u0142a: w \u015brod\u0119 \u015bw. Jana Bosko, prezbitera; w<\/p>\n","protected":false},"author":1,"featured_media":3528,"comment_status":"closed","ping_status":"closed","sticky":false,"template":"","format":"standard","meta":{"colormag_page_container_layout":"default_layout","colormag_page_sidebar_layout":"default_layout","footnotes":""},"categories":[6],"tags":[],"class_list":["post-3693","post","type-post","status-publish","format-standard","has-post-thumbnail","hentry","category-ogloszenia"],"_links":{"self":[{"href":"https:\/\/kleparz.misjonarze.pl\/index.php\/wp-json\/wp\/v2\/posts\/3693","targetHints":{"allow":["GET"]}}],"collection":[{"href":"https:\/\/kleparz.misjonarze.pl\/index.php\/wp-json\/wp\/v2\/posts"}],"about":[{"href":"https:\/\/kleparz.misjonarze.pl\/index.php\/wp-json\/wp\/v2\/types\/post"}],"author":[{"embeddable":true,"href":"https:\/\/kleparz.misjonarze.pl\/index.php\/wp-json\/wp\/v2\/users\/1"}],"replies":[{"embeddable":true,"href":"https:\/\/kleparz.misjonarze.pl\/index.php\/wp-json\/wp\/v2\/comments?post=3693"}],"version-history":[{"count":1,"href":"https:\/\/kleparz.misjonarze.pl\/index.php\/wp-json\/wp\/v2\/posts\/3693\/revisions"}],"predecessor-version":[{"id":3694,"href":"https:\/\/kleparz.misjonarze.pl\/index.php\/wp-json\/wp\/v2\/posts\/3693\/revisions\/3694"}],"wp:featuredmedia":[{"embeddable":true,"href":"https:\/\/kleparz.misjonarze.pl\/index.php\/wp-json\/wp\/v2\/media\/3528"}],"wp:attachment":[{"href":"https:\/\/kleparz.misjonarze.pl\/index.php\/wp-json\/wp\/v2\/media?parent=3693"}],"wp:term":[{"taxonomy":"category","embeddable":true,"href":"https:\/\/kleparz.misjonarze.pl\/index.php\/wp-json\/wp\/v2\/categories?post=3693"},{"taxonomy":"post_tag","embeddable":true,"href":"https:\/\/kleparz.misjonarze.pl\/index.php\/wp-json\/wp\/v2\/tags?post=3693"}],"curies":[{"name":"wp","href":"https:\/\/api.w.org\/{rel}","templated":true}]}}