{"id":3690,"date":"2024-01-20T18:55:45","date_gmt":"2024-01-20T17:55:45","guid":{"rendered":"https:\/\/kleparz.misjonarze.pl\/?p=3690"},"modified":"2024-01-20T18:55:45","modified_gmt":"2024-01-20T17:55:45","slug":"ogloszenia-duszpasterskie-3-niedziela-zwykla-21-01-2024","status":"publish","type":"post","link":"https:\/\/kleparz.misjonarze.pl\/index.php\/2024\/01\/20\/ogloszenia-duszpasterskie-3-niedziela-zwykla-21-01-2024\/","title":{"rendered":"Og\u0142oszenia Duszpasterskie: 3 Niedziela Zwyk\u0142a 21.01.2024"},"content":{"rendered":"<ol>\n<li>Dzisiaj, obchodzona jest w Ko\u015bciele <strong>Niedziela S\u0142owa Bo\u017cego<\/strong>. Ustanowi\u0142 j\u0105 Ojciec \u015bwi\u0119ty Franciszek 30 wrze\u015bnia 2019 roku, w liturgiczne wspomnienie \u015bw. Hieronima, t\u0142umacza Pisma \u015bw., tw\u00f3rcy s\u0142ynnej Wulgaty. Dzisiaj te\u017c przypada wspomnienie \u015bw. Agnieszki dziewicy i m\u0119czennicy oraz Dzie\u0144 Babci, a jutro Dzie\u0144 Dziadka.<\/li>\n<li><strong>W czwartek 25 stycznia przypada \u015bwi\u0119to Nawr\u00f3cenia \u015bw. Paw\u0142a Aposto\u0142a<\/strong>. Zgromadzenie Ksi\u0119\u017cy Misjonarzy w tym dniu obchodzi rocznic\u0119 swego powstania. Centralne uroczysto\u015bci odb\u0119d\u0105 si\u0119 w ko\u015bciele ksi\u0119\u017cy Misjonarzy na Stradomiu. Z tej racji polecamy w tym dniu modlitwie wiernych kap\u0142an\u00f3w ze Zgromadzenia Misji oraz spraw\u0119 nowych powo\u0142a\u0144. W naszym ko\u015bciele uroczyste Msze \u015bw. o godzinie <strong>9<sup>00<\/sup><\/strong>\u00a0 i\u00a0 <strong>17<sup>30<\/sup><\/strong>.<\/li>\n<li>W liturgii tygodnia: w \u015brod\u0119 \u015bw. Franciszka Salezego, Biskupa i doktora Ko\u015bcio\u0142a<strong>; <\/strong>w pi\u0105tek wspomnienie \u00a0\u015bwi\u0119tych biskup\u00f3w Tymoteusz i Tytusa; w przysz\u0142\u0105 niedziel\u0119 \u015b Tomasza z Akwinu, prezbitera i doktora Ko\u015bcio\u0142a.<\/li>\n<li>W sobot\u0119 27 stycznia przypada (miesi\u0119cznica) Nowenna ku czci Niepokalanej Objawiaj\u0105cej Cudowny Medalik przed jubileuszem 200 rocznicy objawie\u0144 w kaplicy Si\u00f3str Mi\u0142osierdzia w Pary\u017cu na Rue de Bac. O godzinie 9<sup>00<\/sup> Msza \u015bw., a nast\u0119pnie nabo\u017ce\u0144stwo do Niepokalanej.<\/li>\n<li>Od 1 do 22 lutego 2024 roku b\u0119dzie trwa\u0142a <strong>rekrutacja do Przedszkola nr 2 <\/strong>Si\u00f3str Mi\u0142osierdzia przy ul. Warszawskiej 6 w Krakowie. Bli\u017csze informacje na plakacie w gablocie przed ko\u015bcio\u0142em. Zainteresowanych rodzic\u00f3w Siostry zapraszaj\u0105 do kontaktu z Przedszkolem.<\/li>\n<li>W niedziel\u0119 4 lutego i w kolejnych miesi\u0105cach ks. prof. Waldemar Rakocy CM wyg\u0142osi kazania katechizmowe nt. Eucharystii, czyli czym jest Msza \u015bw., co stanowi jej istot\u0119, kt\u00f3ry moment jest kulminacyjny, czy ka\u017cdy, kto jest obecny w ko\u015bciele na Mszy \u015bw., w niej uczestniczy.\u00a0\u00a0Zostanie te\u017c poruszony temat Mszy \u015bw. w rycie trydenckim i r\u00f3\u017cnice z rytem odnowionym po Soborze Watyka\u0144skim II, wedle kt\u00f3rego odprawiamy dzisiaj Msz\u0119 \u015bw.\u00a0\u00a0Serdecznie zapraszamy!\u00a0\u00a0Niech to b\u0119dzie cz\u0119\u015bci\u0105 przygotowania do prze\u017cycia Wielkiego Tygodnia.<\/li>\n<\/ol>\n<p>Wszystkim \u017cyczymy dobrej niedzieli i Bo\u017cego b\u0142ogos\u0142awie\u0144stwa w kolejnym tygodniu.<\/p>\n","protected":false},"excerpt":{"rendered":"<p>Dzisiaj, obchodzona jest w Ko\u015bciele Niedziela S\u0142owa Bo\u017cego. Ustanowi\u0142 j\u0105 Ojciec \u015bwi\u0119ty Franciszek 30 wrze\u015bnia 2019 roku, w liturgiczne wspomnienie<\/p>\n","protected":false},"author":1,"featured_media":3528,"comment_status":"closed","ping_status":"closed","sticky":false,"template":"","format":"standard","meta":{"colormag_page_container_layout":"default_layout","colormag_page_sidebar_layout":"default_layout","footnotes":""},"categories":[6],"tags":[],"class_list":["post-3690","post","type-post","status-publish","format-standard","has-post-thumbnail","hentry","category-ogloszenia"],"_links":{"self":[{"href":"https:\/\/kleparz.misjonarze.pl\/index.php\/wp-json\/wp\/v2\/posts\/3690","targetHints":{"allow":["GET"]}}],"collection":[{"href":"https:\/\/kleparz.misjonarze.pl\/index.php\/wp-json\/wp\/v2\/posts"}],"about":[{"href":"https:\/\/kleparz.misjonarze.pl\/index.php\/wp-json\/wp\/v2\/types\/post"}],"author":[{"embeddable":true,"href":"https:\/\/kleparz.misjonarze.pl\/index.php\/wp-json\/wp\/v2\/users\/1"}],"replies":[{"embeddable":true,"href":"https:\/\/kleparz.misjonarze.pl\/index.php\/wp-json\/wp\/v2\/comments?post=3690"}],"version-history":[{"count":1,"href":"https:\/\/kleparz.misjonarze.pl\/index.php\/wp-json\/wp\/v2\/posts\/3690\/revisions"}],"predecessor-version":[{"id":3691,"href":"https:\/\/kleparz.misjonarze.pl\/index.php\/wp-json\/wp\/v2\/posts\/3690\/revisions\/3691"}],"wp:featuredmedia":[{"embeddable":true,"href":"https:\/\/kleparz.misjonarze.pl\/index.php\/wp-json\/wp\/v2\/media\/3528"}],"wp:attachment":[{"href":"https:\/\/kleparz.misjonarze.pl\/index.php\/wp-json\/wp\/v2\/media?parent=3690"}],"wp:term":[{"taxonomy":"category","embeddable":true,"href":"https:\/\/kleparz.misjonarze.pl\/index.php\/wp-json\/wp\/v2\/categories?post=3690"},{"taxonomy":"post_tag","embeddable":true,"href":"https:\/\/kleparz.misjonarze.pl\/index.php\/wp-json\/wp\/v2\/tags?post=3690"}],"curies":[{"name":"wp","href":"https:\/\/api.w.org\/{rel}","templated":true}]}}