{"id":3684,"date":"2024-01-06T22:08:18","date_gmt":"2024-01-06T21:08:18","guid":{"rendered":"https:\/\/kleparz.misjonarze.pl\/?p=3684"},"modified":"2024-01-06T22:08:34","modified_gmt":"2024-01-06T21:08:34","slug":"ogloszenia-duszpasterskie-niedziela-chrztu-panskiego-7-01-2024-r","status":"publish","type":"post","link":"https:\/\/kleparz.misjonarze.pl\/index.php\/2024\/01\/06\/ogloszenia-duszpasterskie-niedziela-chrztu-panskiego-7-01-2024-r\/","title":{"rendered":"Og\u0142oszenia Duszpasterskie Niedziela Chrztu Pa\u0144skiego 7.01.2024 r."},"content":{"rendered":"<ol>\n<li>Dzisiaj Ko\u015bci\u00f3\u0142 wspomina w liturgii <strong>Chrzest Pana Jezusa. <\/strong>Niech ten fakt przypomni nam znaczenie naszego Chrztu. Przez Chrzest \u015bw. stali\u015bmy si\u0119 Dzie\u0107mi Bo\u017cymi,<br \/>\nzostali\u015bmy w\u0142\u0105czeni do wsp\u00f3lnoty Ko\u015bcio\u0142a i za tworzenie tej wsp\u00f3lnoty jeste\u015bmy wraz z innymi odpowiedzialni. O\u00a0 godzinie <strong>15<\/strong> kol\u0119dowanie przy szopce uczni\u00f3w szko\u0142y muzycznej \u201ePozytywka\u201d.<\/li>\n<li>Dzisiejsze <strong>\u015awi\u0119to Chrztu Pa\u0144skiego <\/strong>ko\u0144czy cykl \u015bwi\u0105t skupionych wok\u00f3\u0142 misterium Wcielenia (Zwiastowanie, Bo\u017ce Narodzenie i Objawienie Pa\u0144skie). Dzisiaj te\u017c ko\u0144czy si\u0119 <strong>okres Narodzenia Pa\u0144skiego. <\/strong>Dekoracje ko\u015bcio\u0142a zostan\u0105 tradycyjnie zachowane do 2 lutego, czyli do \u015bwi\u0119ta Ofiarowania Pa\u0144skiego. Od jutra rozpoczyna si\u0119 w liturgii <strong>okres zwyk\u0142y, <\/strong>kt\u00f3ry b\u0119dzie trwa\u0142 do wtorku przed Wielkim<\/li>\n<li><strong>W czwartek<\/strong> <strong>11-go stycznia o godzinie 15<sup>00<\/sup> w naszym ko\u015bciele\u00a0 MSZA\u00a0 <\/strong><strong>\u015aw. w kaplicy Matki Bo\u017cej Lourde\u0144skiej\u00a0 przy s\u0142yn\u0105cej\u00a0 \u0141askami Figurze w intencji chorych i cierpi\u0105cych. <\/strong>Rozpoczniemy Koronk\u0105\u00a0 do Bo\u017cego Mi\u0142osierdzia. <strong>Podczas Mszy \u015bw. b\u0119dzie mo\u017cliwo\u015b\u0107 przyj\u0119cia Sakramentu Chorych<\/strong>. Serdecznie zapraszamy wszystkich, kt\u00f3rzy chcieliby w\u0142\u0105czy\u0107 si\u0119 do ewangelizacji poprzez rozpowszechnianie\u00a0 <strong><em>\u201eDaru Niepokalanej\u201d,<\/em><\/strong> jakim jest Cudowny Medalik. Po liturgii spotkanie wsp\u00f3lnoty Apostolatu\u00a0 Maryjnego.<\/li>\n<\/ol>\n","protected":false},"excerpt":{"rendered":"<p>Dzisiaj Ko\u015bci\u00f3\u0142 wspomina w liturgii Chrzest Pana Jezusa. Niech ten fakt przypomni nam znaczenie naszego Chrztu. Przez Chrzest \u015bw. stali\u015bmy<\/p>\n","protected":false},"author":1,"featured_media":3662,"comment_status":"closed","ping_status":"closed","sticky":false,"template":"","format":"standard","meta":{"colormag_page_container_layout":"default_layout","colormag_page_sidebar_layout":"default_layout","footnotes":""},"categories":[6],"tags":[],"class_list":["post-3684","post","type-post","status-publish","format-standard","has-post-thumbnail","hentry","category-ogloszenia"],"_links":{"self":[{"href":"https:\/\/kleparz.misjonarze.pl\/index.php\/wp-json\/wp\/v2\/posts\/3684","targetHints":{"allow":["GET"]}}],"collection":[{"href":"https:\/\/kleparz.misjonarze.pl\/index.php\/wp-json\/wp\/v2\/posts"}],"about":[{"href":"https:\/\/kleparz.misjonarze.pl\/index.php\/wp-json\/wp\/v2\/types\/post"}],"author":[{"embeddable":true,"href":"https:\/\/kleparz.misjonarze.pl\/index.php\/wp-json\/wp\/v2\/users\/1"}],"replies":[{"embeddable":true,"href":"https:\/\/kleparz.misjonarze.pl\/index.php\/wp-json\/wp\/v2\/comments?post=3684"}],"version-history":[{"count":1,"href":"https:\/\/kleparz.misjonarze.pl\/index.php\/wp-json\/wp\/v2\/posts\/3684\/revisions"}],"predecessor-version":[{"id":3685,"href":"https:\/\/kleparz.misjonarze.pl\/index.php\/wp-json\/wp\/v2\/posts\/3684\/revisions\/3685"}],"wp:featuredmedia":[{"embeddable":true,"href":"https:\/\/kleparz.misjonarze.pl\/index.php\/wp-json\/wp\/v2\/media\/3662"}],"wp:attachment":[{"href":"https:\/\/kleparz.misjonarze.pl\/index.php\/wp-json\/wp\/v2\/media?parent=3684"}],"wp:term":[{"taxonomy":"category","embeddable":true,"href":"https:\/\/kleparz.misjonarze.pl\/index.php\/wp-json\/wp\/v2\/categories?post=3684"},{"taxonomy":"post_tag","embeddable":true,"href":"https:\/\/kleparz.misjonarze.pl\/index.php\/wp-json\/wp\/v2\/tags?post=3684"}],"curies":[{"name":"wp","href":"https:\/\/api.w.org\/{rel}","templated":true}]}}