{"id":3680,"date":"2024-01-05T21:21:31","date_gmt":"2024-01-05T20:21:31","guid":{"rendered":"https:\/\/kleparz.misjonarze.pl\/?p=3680"},"modified":"2024-01-05T21:21:39","modified_gmt":"2024-01-05T20:21:39","slug":"ogloszenia-duszpasterskie-uroczystosc-objawienia-panskiego-6-01-2024-r","status":"publish","type":"post","link":"https:\/\/kleparz.misjonarze.pl\/index.php\/2024\/01\/05\/ogloszenia-duszpasterskie-uroczystosc-objawienia-panskiego-6-01-2024-r\/","title":{"rendered":"Og\u0142oszenia Duszpasterskie: Uroczysto\u015b\u0107 Objawienia Pa\u0144skiego &#8211; 6.01.2024 r."},"content":{"rendered":"<ol>\n<li>Dzi\u015b 06 stycznia\u00a0 &#8211; przypada \u2013 <strong>UROCZYSTO\u015a\u0106 OBJAWIENIA PA\u0143SKIEGO \u2013 Trzech Kr\u00f3li<\/strong>. Podczas ka\u017cdej Mszy \u015bw. po\u015bwi\u0119camy kadzid\u0142o i kred\u0119. Po\u015bwi\u0119con\u0105 kred\u0105 piszemy na drzwiach naszych mieszka\u0144 litery: <strong>C + M + B<\/strong> s\u0105 to pierwsze litery zwrotu: <strong>Christus Mansionem Benedicat<\/strong> (Niech Chrystus b\u0142ogos\u0142awi temu domowi). Litery te wi\u0119c znacz\u0105, \u017ce mieszka\u0144cy tego domu poznali objawiaj\u0105cego si\u0119 Boga i s\u0105 chrze\u015bcijanami, a nie poganami. <strong>\u015awi\u0119to dzisiejsze jest dniem modlitw dzieci\u00a0 i M\u0142odzie\u017cy w intencji misji.<\/strong> Ofiary na Misje mo\u017cna sk\u0142ada\u0107 do skarbony przy\u00a0 wyj\u015bciu z ko\u015bcio\u0142a. Msze \u015bw. dzi\u015b odprawiamy jak w ka\u017cd\u0105 niedziel\u0119. Z racji pierwszej soboty miesi\u0105ca, po Mszy \u015bw. o godzinie 9.00 nabo\u017ce\u0144stwo wynagradzaj\u0105ce Niepokalanemu Sercu Maryi.<\/li>\n<li>W jutrzejsz\u0105 niedziel\u0119 przypada\u00a0 <strong>\u015aWI\u0118TO\u00a0 CHRZTU\u00a0 PA\u0143SKIEGO<\/strong>, ko\u0144cz\u0105ce liturgiczny okres Bo\u017cego Narodzenia. Dekoracje ko\u015bcio\u0142a zostan\u0105 tradycyjnie zachowane do 2 lutego, czyli do \u015bwi\u0119ta Ofiarowania Pa\u0144skiego. Rodzina Wincenty\u0144ska\u00a0 obchodzi jutro wspomnienie b\u0142ogos\u0142awionej\u00a0 Lindalwy Justo de Oliveira.<\/li>\n<li>Jutro o <strong>15<\/strong> kol\u0119dowanie przy szopce uczni\u00f3w szko\u0142y muzycznej \u201ePozytywka\u201d.<\/li>\n<\/ol>\n<p><strong><em>\u00a0\u00a0\u00a0\u00a0\u00a0\u00a0\u00a0\u00a0\u00a0 Niech nasze spotkanie z Chrystusem, kt\u00f3rego do\u015bwiadczyli\u015bmy w czasie tej <\/em><\/strong><strong><em>Mszy \u015bwi\u0119tej, przemieni nasze serca i uczyni nas \u015bwiadkami wiary<\/em><\/strong><\/p>\n","protected":false},"excerpt":{"rendered":"<p>Dzi\u015b 06 stycznia\u00a0 &#8211; przypada \u2013 UROCZYSTO\u015a\u0106 OBJAWIENIA PA\u0143SKIEGO \u2013 Trzech Kr\u00f3li. Podczas ka\u017cdej Mszy \u015bw. po\u015bwi\u0119camy kadzid\u0142o i kred\u0119.<\/p>\n","protected":false},"author":1,"featured_media":3656,"comment_status":"closed","ping_status":"closed","sticky":false,"template":"","format":"standard","meta":{"colormag_page_container_layout":"default_layout","colormag_page_sidebar_layout":"default_layout","footnotes":""},"categories":[6],"tags":[],"class_list":["post-3680","post","type-post","status-publish","format-standard","has-post-thumbnail","hentry","category-ogloszenia"],"_links":{"self":[{"href":"https:\/\/kleparz.misjonarze.pl\/index.php\/wp-json\/wp\/v2\/posts\/3680","targetHints":{"allow":["GET"]}}],"collection":[{"href":"https:\/\/kleparz.misjonarze.pl\/index.php\/wp-json\/wp\/v2\/posts"}],"about":[{"href":"https:\/\/kleparz.misjonarze.pl\/index.php\/wp-json\/wp\/v2\/types\/post"}],"author":[{"embeddable":true,"href":"https:\/\/kleparz.misjonarze.pl\/index.php\/wp-json\/wp\/v2\/users\/1"}],"replies":[{"embeddable":true,"href":"https:\/\/kleparz.misjonarze.pl\/index.php\/wp-json\/wp\/v2\/comments?post=3680"}],"version-history":[{"count":2,"href":"https:\/\/kleparz.misjonarze.pl\/index.php\/wp-json\/wp\/v2\/posts\/3680\/revisions"}],"predecessor-version":[{"id":3682,"href":"https:\/\/kleparz.misjonarze.pl\/index.php\/wp-json\/wp\/v2\/posts\/3680\/revisions\/3682"}],"wp:featuredmedia":[{"embeddable":true,"href":"https:\/\/kleparz.misjonarze.pl\/index.php\/wp-json\/wp\/v2\/media\/3656"}],"wp:attachment":[{"href":"https:\/\/kleparz.misjonarze.pl\/index.php\/wp-json\/wp\/v2\/media?parent=3680"}],"wp:term":[{"taxonomy":"category","embeddable":true,"href":"https:\/\/kleparz.misjonarze.pl\/index.php\/wp-json\/wp\/v2\/categories?post=3680"},{"taxonomy":"post_tag","embeddable":true,"href":"https:\/\/kleparz.misjonarze.pl\/index.php\/wp-json\/wp\/v2\/tags?post=3680"}],"curies":[{"name":"wp","href":"https:\/\/api.w.org\/{rel}","templated":true}]}}