{"id":3678,"date":"2023-12-31T23:01:33","date_gmt":"2023-12-31T22:01:33","guid":{"rendered":"https:\/\/kleparz.misjonarze.pl\/?p=3678"},"modified":"2023-12-30T14:03:53","modified_gmt":"2023-12-30T13:03:53","slug":"ogloszenia-duszpasterskieuroczystosc-sw-bozej-rodzicielki-maryi-01-01-2024-r","status":"publish","type":"post","link":"https:\/\/kleparz.misjonarze.pl\/index.php\/2023\/12\/31\/ogloszenia-duszpasterskieuroczystosc-sw-bozej-rodzicielki-maryi-01-01-2024-r\/","title":{"rendered":"Og\u0142oszenia  Duszpasterskie:Uroczysto\u015b\u0107 \u015aw. Bo\u017cej Rodzicielki Maryi 01.01.2024 r."},"content":{"rendered":"<ol>\n<li>Dzisiaj, w pierwszym dniu <strong>Nowego Roku<\/strong>, z inicjatywy Ojca \u015awi\u0119tego ca\u0142y chrze\u015bcija\u0144ski \u015bwiat w spos\u00f3b szczeg\u00f3lny zanosi mod\u0142y o <strong>\u201epok\u00f3j dla \u015bwiata\u201d<\/strong>. Czynimy to pod opiek\u0105 Patronki dnia <strong>\u015awi\u0119tej Bo\u017cej Rodzicielki Maryi. <\/strong>M\u00f3dlmy si\u0119 o pok\u00f3j w naszych rodzinach, w naszej Ojczy\u017anie i na \u015bwiecie<strong>.<\/strong> <strong>Na progu Nowego Roku pragniemy z\u0142o\u017cy\u0107 wszystkim najserdeczniejsze \u017cyczenia: obfitych \u0142ask, zdrowia, pomy\u015blno\u015bci, codziennej rado\u015bci\u00a0 i pokoju serca. Dzi\u0119kujemy Bogu za obecno\u015b\u0107 w naszej\u00a0 \u015bwi\u0105tyni i w naszych rodzinach. Niech ka\u017cdy z nas stanie si\u0119 jeszcze bardziej g\u0142osicielem pokoju razem z Maryj\u0105, niech Ona otacza wszystkich swoj\u0105 opiek\u0105 i wyprasza u swego Syna wiele potrzebnych \u0142ask na ka\u017cdy dzie\u0144 Nowego 2024 Roku<\/strong>.<\/li>\n<li>Dzi\u015b w pierwszym dniu Nowego Roku mo\u017cna zyska\u0107 odpust zupe\u0142ny za pobo\u017cne odm\u00f3wienie lub \u015bpiew hymnu <strong><em>O Stworzycielu Duchu przyjd\u017a\u2026<\/em><\/strong><\/li>\n<li><strong>W tym tygodniu przypada pierwszy czwartek, pi\u0105tek i pierwsza sobota miesi\u0105ca. <\/strong>W czwartek, pi\u0105tek i sobot\u0119 po Mszach \u015bw. o godz. 9.00 odprawimy okoliczno\u015bciowe nabo\u017ce\u0144stwa eucharystyczne.<\/li>\n<li>W liturgii Ko\u015bcio\u0142a w rozpoczynaj\u0105cym si\u0119 tygodniu: we wtorek wspomnienie \u015bw. Bazylego i Grzegorza; w \u015brod\u0119 wspomnienie Naj\u015bwi\u0119tszego Imienia Jezus. W czwartek 4 stycznia Rodzina Wincenty\u0144ska obchodzi wspomnienie \u015bw. El\u017cbiety Anny Bayley Seton, zakonnicy, za\u0142o\u017cycielki Instytutu Si\u00f3str Mi\u0142osierdzia \u015bw. J\u00f3zefa; w niedziel\u0119 7 stycznia wspomnienie b\u0142ogos\u0142awionej Lindalwy Justo de Oliveira.<\/li>\n<li>W sobot\u0119 &#8211;\u00a0 <strong>06 stycznia<\/strong>\u00a0 &#8211; przypada \u2013 <strong>UROCZYSTO\u015a\u0106 OBJAWIENIA PA\u0143SKIEGO \u2013 Trzech Kr\u00f3li<\/strong>. Podczas ka\u017cdej Mszy \u015bw. po\u015bwi\u0119cimy kadzid\u0142o i kred\u0119. \u015awi\u0119to\u00a0 jest dniem modlitw dzieci i m\u0142odzie\u017cy w intencji misji. Ofiary na Misje mo\u017cna sk\u0142ada\u0107 do skarbony przy o\u0142tarzu \u015bw. Antoniego. Msze \u015bw. odprawiamy jak w ka\u017cd\u0105 niedziel\u0119.<\/li>\n<li>Przysz\u0142a niedziela to niedziela <strong>Chrztu Pa\u0144skiego <\/strong>ko\u0144cz\u0105ca liturgiczny okres Bo\u017cego Narodzenia. O 17.15 kol\u0119dowanie przy szopce uczni\u00f3w szko\u0142y muzycznej \u201ePozytywka\u201d.<\/li>\n<\/ol>\n<p><strong><em>Niech nasze spotkanie z Chrystusem, kt\u00f3rego do\u015bwiadczyli\u015bmy w czasie tej Mszy \u015bwi\u0119tej, przemieni nasze serca i uczyni nas \u015bwiadkami wiary.<\/em><\/strong><\/p>\n","protected":false},"excerpt":{"rendered":"<p>Dzisiaj, w pierwszym dniu Nowego Roku, z inicjatywy Ojca \u015awi\u0119tego ca\u0142y chrze\u015bcija\u0144ski \u015bwiat w spos\u00f3b szczeg\u00f3lny zanosi mod\u0142y o \u201epok\u00f3j<\/p>\n","protected":false},"author":1,"featured_media":3651,"comment_status":"closed","ping_status":"closed","sticky":false,"template":"","format":"standard","meta":{"colormag_page_container_layout":"default_layout","colormag_page_sidebar_layout":"default_layout","footnotes":""},"categories":[6],"tags":[],"class_list":["post-3678","post","type-post","status-publish","format-standard","has-post-thumbnail","hentry","category-ogloszenia"],"_links":{"self":[{"href":"https:\/\/kleparz.misjonarze.pl\/index.php\/wp-json\/wp\/v2\/posts\/3678","targetHints":{"allow":["GET"]}}],"collection":[{"href":"https:\/\/kleparz.misjonarze.pl\/index.php\/wp-json\/wp\/v2\/posts"}],"about":[{"href":"https:\/\/kleparz.misjonarze.pl\/index.php\/wp-json\/wp\/v2\/types\/post"}],"author":[{"embeddable":true,"href":"https:\/\/kleparz.misjonarze.pl\/index.php\/wp-json\/wp\/v2\/users\/1"}],"replies":[{"embeddable":true,"href":"https:\/\/kleparz.misjonarze.pl\/index.php\/wp-json\/wp\/v2\/comments?post=3678"}],"version-history":[{"count":1,"href":"https:\/\/kleparz.misjonarze.pl\/index.php\/wp-json\/wp\/v2\/posts\/3678\/revisions"}],"predecessor-version":[{"id":3679,"href":"https:\/\/kleparz.misjonarze.pl\/index.php\/wp-json\/wp\/v2\/posts\/3678\/revisions\/3679"}],"wp:featuredmedia":[{"embeddable":true,"href":"https:\/\/kleparz.misjonarze.pl\/index.php\/wp-json\/wp\/v2\/media\/3651"}],"wp:attachment":[{"href":"https:\/\/kleparz.misjonarze.pl\/index.php\/wp-json\/wp\/v2\/media?parent=3678"}],"wp:term":[{"taxonomy":"category","embeddable":true,"href":"https:\/\/kleparz.misjonarze.pl\/index.php\/wp-json\/wp\/v2\/categories?post=3678"},{"taxonomy":"post_tag","embeddable":true,"href":"https:\/\/kleparz.misjonarze.pl\/index.php\/wp-json\/wp\/v2\/tags?post=3678"}],"curies":[{"name":"wp","href":"https:\/\/api.w.org\/{rel}","templated":true}]}}