{"id":3676,"date":"2023-12-30T14:00:34","date_gmt":"2023-12-30T13:00:34","guid":{"rendered":"https:\/\/kleparz.misjonarze.pl\/?p=3676"},"modified":"2023-12-30T14:00:34","modified_gmt":"2023-12-30T13:00:34","slug":"ogloszenia-duszpasterskie-niedziela-swietej-rodziny-31-12-2023","status":"publish","type":"post","link":"https:\/\/kleparz.misjonarze.pl\/index.php\/2023\/12\/30\/ogloszenia-duszpasterskie-niedziela-swietej-rodziny-31-12-2023\/","title":{"rendered":"Og\u0142oszenia Duszpasterskie Niedziela \u015awi\u0119tej Rodziny 31.12.2023"},"content":{"rendered":"<ol>\n<li>W dzisiejsz\u0105 niedziel\u0119, kt\u00f3ra jest ju\u017c ostatni\u0105 niedziel\u0105 ko\u0144cz\u0105cego si\u0119 roku, czcimy <strong>\u015awi\u0119t\u0105 Rodzin\u0119<\/strong>. Po Mszach \u015bwi\u0119tych odprawiamy nabo\u017ce\u0144stwa dzi\u0119kczynno \u2013 b\u0142agalne na zako\u0144czenie roku.<\/li>\n<li>Jutro &#8211; <strong>1 stycznia<\/strong> \u2013 <strong>Nowy Rok &#8211; Uroczysto\u015b\u0107 \u015awi\u0119tej Bo\u017cej Rodzicielki<\/strong> Porz\u0105dek Mszy \u015bw. jak w niedziele. W tym dniu mo\u017cna uzyska\u0107 odpust zupe\u0142ny za pobo\u017cne odm\u00f3wienie lub \u015bpiew w ko\u015bciele lub kaplicy hymnu <strong>\u201eO Stworzycielu, Duchu przyjd\u017a\u201d.<\/strong><\/li>\n<li><strong>W tym tygodniu przypada pierwszy czwartek, pi\u0105tek i pierwsza sobota miesi\u0105ca. <\/strong>W czwartek po Mszy \u015bw. o godz. 9.00 i 17.30 odprawimy nabo\u017ce\u0144stwo eucharystyczne w czasie, kt\u00f3rego b\u0119dziemy modli\u0107 si\u0119 o nowe i \u015bwi\u0119te powo\u0142ania kap\u0142a\u0144skie, zakonne i misyjne. W sobot\u0119 \u2013 6 stycznia \u2013 po Mszy \u015bw. o godz.9.00 odprawimy nabo\u017ce\u0144stwo wynagradzaj\u0105ce Niepokalanemu Sercu NMP za grzechy i zniewagi<strong>. <\/strong><\/li>\n<li><strong>W liturgii Ko\u015bcio\u0142a obchodzimy: <\/strong>we wtorek \u2013 <strong>2 stycznia<\/strong> \u2013 wspomnienie \u015bwi\u0119tych <strong>Bazylego Wielkiego i Grzegorza z Nazjanzu<\/strong>, biskup\u00f3w i doktor\u00f3w Ko\u015bcio\u0142a. W \u015brod\u0119 \u2013 <strong>3 stycznia<\/strong>\u00a0 &#8211; wspomnienie Naj\u015bwi\u0119tszego Imienia Jezus. <strong>W czwartek \u2013 4 stycznia<\/strong> \u2013 \u015bw. El\u017cbiety Anny Bayley Seton, zakonnicy, za\u0142o\u017cycielki Instytutu Si\u00f3str Mi\u0142osierdzia \u015bw. J\u00f3zefa.<\/li>\n<li><strong>W sobot\u0119 6 stycznia obchodzi\u0107 b\u0119dziemy Uroczysto\u015b\u0107 Objawienia Pa\u0144skiego, kt\u00f3ra nazywana jest \u015awi\u0119tem Trzech Kr\u00f3li. <\/strong>Jest to \u015awi\u0119to obowi\u0105zuj\u0105ce. Msze \u015bwi\u0119te w naszym ko\u015bciele wed\u0142ug porz\u0105dku niedzielnego. Podczas ka\u017cdej Mszy \u015bwi\u0119tej po\u015bwi\u0119cimy kadzid\u0142o i kred\u0119. Jest to te\u017c dzie\u0144 modlitw dzieci i m\u0142odzie\u017cy za misje.<\/li>\n<li>W najbli\u017csz\u0105 niedziel\u0119 &#8211; <strong>7 stycznia<\/strong> &#8211; przypada <strong>\u015awi\u0119to Chrztu Pa\u0144skiego<\/strong>, kt\u00f3re ko\u0144czy Okres Narodzenia Pa\u0144skiego. O godzinie 17.15 w naszym ko\u015bciele dzieci i m\u0142odzie\u017c ze szko\u0142y muzycznej \u201ePozytywka\u201d b\u0119d\u0105 kol\u0119dowa\u0142y przy szopce. W tym dniu obchodzimy wspomnienie b\u0142. Lindalwy Justo de Oliveira, m\u0119czennicy, Siostry Mi\u0142osierdzia, kt\u00f3ra ponios\u0142a \u015bmier\u0107 m\u0119cze\u0144sk\u0105 w obronie cnoty czysto\u015bci<strong>.<\/strong><\/li>\n<\/ol>\n","protected":false},"excerpt":{"rendered":"<p>W dzisiejsz\u0105 niedziel\u0119, kt\u00f3ra jest ju\u017c ostatni\u0105 niedziel\u0105 ko\u0144cz\u0105cego si\u0119 roku, czcimy \u015awi\u0119t\u0105 Rodzin\u0119. Po Mszach \u015bwi\u0119tych odprawiamy nabo\u017ce\u0144stwa dzi\u0119kczynno<\/p>\n","protected":false},"author":1,"featured_media":3660,"comment_status":"closed","ping_status":"closed","sticky":false,"template":"","format":"standard","meta":{"colormag_page_container_layout":"default_layout","colormag_page_sidebar_layout":"default_layout","footnotes":""},"categories":[6],"tags":[],"class_list":["post-3676","post","type-post","status-publish","format-standard","has-post-thumbnail","hentry","category-ogloszenia"],"_links":{"self":[{"href":"https:\/\/kleparz.misjonarze.pl\/index.php\/wp-json\/wp\/v2\/posts\/3676","targetHints":{"allow":["GET"]}}],"collection":[{"href":"https:\/\/kleparz.misjonarze.pl\/index.php\/wp-json\/wp\/v2\/posts"}],"about":[{"href":"https:\/\/kleparz.misjonarze.pl\/index.php\/wp-json\/wp\/v2\/types\/post"}],"author":[{"embeddable":true,"href":"https:\/\/kleparz.misjonarze.pl\/index.php\/wp-json\/wp\/v2\/users\/1"}],"replies":[{"embeddable":true,"href":"https:\/\/kleparz.misjonarze.pl\/index.php\/wp-json\/wp\/v2\/comments?post=3676"}],"version-history":[{"count":1,"href":"https:\/\/kleparz.misjonarze.pl\/index.php\/wp-json\/wp\/v2\/posts\/3676\/revisions"}],"predecessor-version":[{"id":3677,"href":"https:\/\/kleparz.misjonarze.pl\/index.php\/wp-json\/wp\/v2\/posts\/3676\/revisions\/3677"}],"wp:featuredmedia":[{"embeddable":true,"href":"https:\/\/kleparz.misjonarze.pl\/index.php\/wp-json\/wp\/v2\/media\/3660"}],"wp:attachment":[{"href":"https:\/\/kleparz.misjonarze.pl\/index.php\/wp-json\/wp\/v2\/media?parent=3676"}],"wp:term":[{"taxonomy":"category","embeddable":true,"href":"https:\/\/kleparz.misjonarze.pl\/index.php\/wp-json\/wp\/v2\/categories?post=3676"},{"taxonomy":"post_tag","embeddable":true,"href":"https:\/\/kleparz.misjonarze.pl\/index.php\/wp-json\/wp\/v2\/tags?post=3676"}],"curies":[{"name":"wp","href":"https:\/\/api.w.org\/{rel}","templated":true}]}}