{"id":3637,"date":"2023-12-16T20:22:44","date_gmt":"2023-12-16T19:22:44","guid":{"rendered":"https:\/\/kleparz.misjonarze.pl\/?p=3637"},"modified":"2023-12-16T20:25:42","modified_gmt":"2023-12-16T19:25:42","slug":"ogloszenia-duszpasterskie-iii-niedziela-adwentu-17-xii-2023-r","status":"publish","type":"post","link":"https:\/\/kleparz.misjonarze.pl\/index.php\/2023\/12\/16\/ogloszenia-duszpasterskie-iii-niedziela-adwentu-17-xii-2023-r\/","title":{"rendered":"Og\u0142oszenia Duszpasterskie: III Niedziela Adwentu 17 XII 2023 r."},"content":{"rendered":"<ol>\n<li>Dzisiaj po Mszy \u015bw. o godzinie 12.00 Wystawienie Naj\u015bwi\u0119tszego Sakramentu do godziny 16.30. B\u0119dzie si\u0119 ono odbywa\u0142o si\u0119 w specjalnej Monstrancji, kt\u00f3ra peregrynuje po Polsce w ramach 9-cio letniej Nowenny przygotowuj\u0105cej\u00a0 do dwusetnej \u00a0rocznicy Objawie\u0144 Cudownego Medalika, kt\u00f3re mia\u0142y miejsce w \u00a0Pary\u017cu przy rue de Bac w 1830 roku. O godzinie 15.00 odm\u00f3wimy Koronk\u0119 do Bo\u017cego Mi\u0142osierdzia. B\u0119dzie mo\u017cna te\u017c otrzyma\u0107 Cudowny Medalik.<\/li>\n<li>W ramach naszego adwentowego przygotowania do \u015bwi\u0105t Bo\u017cego Narodzenia, w poniedzia\u0142ek, wtorek i \u015brod\u0119 po Mszy \u015bw. wieczornej do godziny 18.30 \u00a0b\u0119dzie \u00a0r\u00f3wnie\u017c Adoracja Naj\u015bwi\u0119tszego Sakramentu\u00a0 w tej specjalnej Monstrancji.<\/li>\n<li>Roraty odprawimy od poniedzia\u0142ku do soboty o godzinie 7.00.<\/li>\n<li>Spowied\u017a od poniedzia\u0142ku do soboty od 5.30 do 10.00 i od 16.00 do 18.00.<\/li>\n<li>W przysz\u0142\u0105 niedziel\u0119 24 grudnia przypada 4 Niedziela Adwentowa, jednocze\u015bnie jest to Wigilia \u015awi\u0105t Bo\u017cego Narodzenia. Tego dnia <u>nie b\u0119dzie Mszy \u015bw. popo\u0142udniowej o 16.30<\/u>. Zadbajmy o tradycyjn\u0105, chrze\u015bcija\u0144sk\u0105 opraw\u0119 wigilijnej\u00a0 Niech jej towarzyszy wsp\u00f3lna modlitwa, lektura Pisma \u015awi\u0119tego o narodzeniu Zbawiciela \u015bwiata (Ewangelia wed\u0142ug \u015bw. \u0141ukasza 2,1-20), \u0142amanie si\u0119 op\u0142atkiem, wsp\u00f3lny \u015bpiew kol\u0119d i pastora\u0142ek. Pami\u0119tajmy o tradycyjnym zachowaniu postu w Wigili\u0119.<\/li>\n<li>Pasterk\u0119 w naszym ko\u015bciele odprawimy 24 grudnia o godzinie 22.00. Sk\u0142adka z Pasterki przeznaczona jest na Fundusz Obrony \u017bycia SOS.<\/li>\n<li>W przysz\u0142y poniedzia\u0142ek &#8211; 25 grudnia &#8211; Uroczysto\u015b\u0107 Bo\u017cego Narodzenia. Msze \u015bw. wed\u0142ug porz\u0105dku niedzielnego.<\/li>\n<li>26 grudnia<strong> &#8211;<\/strong> drugi dzie\u0144 \u015awi\u0105t Bo\u017cego Narodzenia, wspominamy \u015bw. Szczepana, pierwszego m\u0119czennika. Msze \u015bw. w naszym ko\u015bciele wed\u0142ug programu niedzielnego. Ofiary z\u0142o\u017cone na tac\u0119 b\u0119d\u0105 przeznaczone na potrzeby Uniwersytetu Papieskiego \u015bw. Jana\u00a0 Paw\u0142a II\u00a0 w Krakowie<em>.<\/em><\/li>\n<li>Przy wyj\u015bciu z ko\u015bcio\u0142a w zakrystii oraz na furcie naszego domu mo\u017cna zaopatrzy\u0107 si\u0119 w pob\u0142ogos\u0142awione op\u0142atki wigilijne i \u015bwiece Caritasu.<\/li>\n<\/ol>\n","protected":false},"excerpt":{"rendered":"<p>Dzisiaj po Mszy \u015bw. o godzinie 12.00 Wystawienie Naj\u015bwi\u0119tszego Sakramentu do godziny 16.30. B\u0119dzie si\u0119 ono odbywa\u0142o si\u0119 w specjalnej<\/p>\n","protected":false},"author":1,"featured_media":3528,"comment_status":"closed","ping_status":"closed","sticky":false,"template":"","format":"standard","meta":{"colormag_page_container_layout":"default_layout","colormag_page_sidebar_layout":"default_layout","footnotes":""},"categories":[6],"tags":[],"class_list":["post-3637","post","type-post","status-publish","format-standard","has-post-thumbnail","hentry","category-ogloszenia"],"_links":{"self":[{"href":"https:\/\/kleparz.misjonarze.pl\/index.php\/wp-json\/wp\/v2\/posts\/3637","targetHints":{"allow":["GET"]}}],"collection":[{"href":"https:\/\/kleparz.misjonarze.pl\/index.php\/wp-json\/wp\/v2\/posts"}],"about":[{"href":"https:\/\/kleparz.misjonarze.pl\/index.php\/wp-json\/wp\/v2\/types\/post"}],"author":[{"embeddable":true,"href":"https:\/\/kleparz.misjonarze.pl\/index.php\/wp-json\/wp\/v2\/users\/1"}],"replies":[{"embeddable":true,"href":"https:\/\/kleparz.misjonarze.pl\/index.php\/wp-json\/wp\/v2\/comments?post=3637"}],"version-history":[{"count":1,"href":"https:\/\/kleparz.misjonarze.pl\/index.php\/wp-json\/wp\/v2\/posts\/3637\/revisions"}],"predecessor-version":[{"id":3638,"href":"https:\/\/kleparz.misjonarze.pl\/index.php\/wp-json\/wp\/v2\/posts\/3637\/revisions\/3638"}],"wp:featuredmedia":[{"embeddable":true,"href":"https:\/\/kleparz.misjonarze.pl\/index.php\/wp-json\/wp\/v2\/media\/3528"}],"wp:attachment":[{"href":"https:\/\/kleparz.misjonarze.pl\/index.php\/wp-json\/wp\/v2\/media?parent=3637"}],"wp:term":[{"taxonomy":"category","embeddable":true,"href":"https:\/\/kleparz.misjonarze.pl\/index.php\/wp-json\/wp\/v2\/categories?post=3637"},{"taxonomy":"post_tag","embeddable":true,"href":"https:\/\/kleparz.misjonarze.pl\/index.php\/wp-json\/wp\/v2\/tags?post=3637"}],"curies":[{"name":"wp","href":"https:\/\/api.w.org\/{rel}","templated":true}]}}