{"id":3635,"date":"2023-12-10T10:22:16","date_gmt":"2023-12-10T09:22:16","guid":{"rendered":"https:\/\/kleparz.misjonarze.pl\/?p=3635"},"modified":"2023-12-10T10:22:16","modified_gmt":"2023-12-10T09:22:16","slug":"ogloszenia-duszpasterskie-ii-niedziela-adwentu-10-xii-2023-r","status":"publish","type":"post","link":"https:\/\/kleparz.misjonarze.pl\/index.php\/2023\/12\/10\/ogloszenia-duszpasterskie-ii-niedziela-adwentu-10-xii-2023-r\/","title":{"rendered":"Og\u0142oszenia  Duszpasterskie: II Niedziela Adwentu &#8211; 10 XII 2023 r."},"content":{"rendered":"<ol>\n<li>Dzisiaj XXIV Dzie\u0144 Modlitw i pomocy materialnej Ko\u015bcio\u0142owi na Wschodzie. Ofiary na ten cel mo\u017cna sk\u0142ada\u0107 do skarbony przy wyj\u015bciu z ko\u015bcio\u0142a.<\/li>\n<li>Jutro w 11 dniu miesi\u0105ca o godzinie 15.00 comiesi\u0119czna Msza \u015bwi\u0119ta w intencji chorych z udzieleniem Sakramentu Chorych w kaplicy Matki Bo\u017cej Lourde\u0144skiej.<\/li>\n<li>We wtorek 13-go grudnia przypada 42 rocznica wprowadzenia stanu wojennego. Pami\u0119tajmy w modlitwie o tych, kt\u00f3rzy oddali \u017cycie za nasz\u0105 wolno\u015b\u0107<strong>. <\/strong><\/li>\n<li>Wzorem lat ubieg\u0142ych, w sobot\u0119 16 grudnia br. ok. \u00a0godz.\u00a017.00, odb\u0119dzie si\u0119 uroczyste roz\u015bwietlenie Choinki pod Oknem Papieskim przy ulicy Franciszka\u0144skiej 3 w Krakowie, kt\u00f3rego dokona Metropolita Krakowski Abp Marek J\u0119draszewski. Wcze\u015bniej od godziny 14.00 r\u00f3\u017cne atrakcje dla dzieci. Nie zabraknie r\u00f3wnie\u017c okazji do wsp\u00f3lnego kol\u0119dowania.<\/li>\n<li><strong>Roraty <\/strong>w naszym ko\u015bciele odprawiamy w dni powszednie o <strong>godzinie 7.00 rano<\/strong>. Zapraszamy do wsp\u00f3lnej modlitwy.<\/li>\n<li>W liturgii tygodnia: w poniedzia\u0142ek wspomnienie \u015bw. Damazego papie\u017ca; we wtorek Naj\u015bwi\u0119tszej Maryi Panny z Guadalupe; w \u015brod\u0119 wspomnienie \u015bw. \u0141ucji, dziewicy \u00a0i m\u0119czennicy; w czwartek wspomnienie \u015bw. Jana od Krzy\u017ca, prezbitera i doktora Ko\u015bcio\u0142a.<\/li>\n<li>Spowiadamy codziennie: od 5.30 \u2013 9.30 i od\u00a0 godz. 17.00 \u2013 18.00<strong>.<\/strong><\/li>\n<li>Przy wyj\u015bciu z ko\u015bcio\u0142a na furcie naszego Domu pod numerem 19 oraz w zakrystii mo\u017cna zaopatrzy\u0107 si\u0119 w \u015bwiece wigilijne i pob\u0142ogos\u0142awione op\u0142atki. \u015awiece rozprowadzane s\u0105 w ramach Wigilijnego Dzie\u0142a Pomocy Dzieciom<strong>.<\/strong><\/li>\n<li>W przysz\u0142\u0105 niedziel\u0119 po Mszy \u015bw. o godzinie 12.00 do Mszy \u015bw. popo\u0142udniowej, b\u0119dzie Wystawienie Naj\u015bwi\u0119tszego Sakramentu w specjalnej monstrancji, kt\u00f3ra zosta\u0142a wykonana z okazji trwaj\u0105cej 9-letniej Nowenny przed 200 rocznic\u0105 Objawienia Cudownego Medalika.<\/li>\n<\/ol>\n","protected":false},"excerpt":{"rendered":"<p>Dzisiaj XXIV Dzie\u0144 Modlitw i pomocy materialnej Ko\u015bcio\u0142owi na Wschodzie. Ofiary na ten cel mo\u017cna sk\u0142ada\u0107 do skarbony przy wyj\u015bciu<\/p>\n","protected":false},"author":1,"featured_media":3528,"comment_status":"closed","ping_status":"closed","sticky":false,"template":"","format":"standard","meta":{"colormag_page_container_layout":"default_layout","colormag_page_sidebar_layout":"default_layout","footnotes":""},"categories":[6],"tags":[],"class_list":["post-3635","post","type-post","status-publish","format-standard","has-post-thumbnail","hentry","category-ogloszenia"],"_links":{"self":[{"href":"https:\/\/kleparz.misjonarze.pl\/index.php\/wp-json\/wp\/v2\/posts\/3635","targetHints":{"allow":["GET"]}}],"collection":[{"href":"https:\/\/kleparz.misjonarze.pl\/index.php\/wp-json\/wp\/v2\/posts"}],"about":[{"href":"https:\/\/kleparz.misjonarze.pl\/index.php\/wp-json\/wp\/v2\/types\/post"}],"author":[{"embeddable":true,"href":"https:\/\/kleparz.misjonarze.pl\/index.php\/wp-json\/wp\/v2\/users\/1"}],"replies":[{"embeddable":true,"href":"https:\/\/kleparz.misjonarze.pl\/index.php\/wp-json\/wp\/v2\/comments?post=3635"}],"version-history":[{"count":1,"href":"https:\/\/kleparz.misjonarze.pl\/index.php\/wp-json\/wp\/v2\/posts\/3635\/revisions"}],"predecessor-version":[{"id":3636,"href":"https:\/\/kleparz.misjonarze.pl\/index.php\/wp-json\/wp\/v2\/posts\/3635\/revisions\/3636"}],"wp:featuredmedia":[{"embeddable":true,"href":"https:\/\/kleparz.misjonarze.pl\/index.php\/wp-json\/wp\/v2\/media\/3528"}],"wp:attachment":[{"href":"https:\/\/kleparz.misjonarze.pl\/index.php\/wp-json\/wp\/v2\/media?parent=3635"}],"wp:term":[{"taxonomy":"category","embeddable":true,"href":"https:\/\/kleparz.misjonarze.pl\/index.php\/wp-json\/wp\/v2\/categories?post=3635"},{"taxonomy":"post_tag","embeddable":true,"href":"https:\/\/kleparz.misjonarze.pl\/index.php\/wp-json\/wp\/v2\/tags?post=3635"}],"curies":[{"name":"wp","href":"https:\/\/api.w.org\/{rel}","templated":true}]}}