{"id":3632,"date":"2023-12-02T20:49:18","date_gmt":"2023-12-02T19:49:18","guid":{"rendered":"https:\/\/kleparz.misjonarze.pl\/?p=3632"},"modified":"2023-12-02T20:49:18","modified_gmt":"2023-12-02T19:49:18","slug":"ogloszenia-duszpasterskie-i-niedziela-adwentu-3-xii-2023-r","status":"publish","type":"post","link":"https:\/\/kleparz.misjonarze.pl\/index.php\/2023\/12\/02\/ogloszenia-duszpasterskie-i-niedziela-adwentu-3-xii-2023-r\/","title":{"rendered":"Og\u0142oszenia  Duszpasterskie: I Niedziela Adwentu 3 XII 2023 r."},"content":{"rendered":"<ol>\n<li>W dzisiejsz\u0105 niedziel\u0119 rozpoczynamy nowy rok liturgiczny. Okres Adwentu, w kt\u00f3ry wkraczamy, ma podw\u00f3jny charakter: najpierw jest czasem oczekiwania na powt\u00f3rne przyj\u015bcie Chrystusa przy ko\u0144cu czas\u00f3w, a jednocze\u015bnie jest czasem naszego przygotowania si\u0119 do radosnego prze\u017cywania \u015awi\u0105t Bo\u017cego Narodzenia.<\/li>\n<li>RORATY czyli Msze \u015bwi\u0119te wotywne o Matce Bo\u017cej w naszym ko\u015bciele b\u0119dziemy odprawia\u0107 w dni powszednie o godz. 7<sup>00<\/sup> Na pierwsze roraty zapraszamy ju\u017c jutro.<\/li>\n<li>W liturgii w rozpoczynaj\u0105cym si\u0119 tygodniu: w poniedzia\u0142ek wspomnienie \u015bw. Jana Damasce\u0144skiego, kap\u0142ana i doktora Ko\u015bcio\u0142a oraz \u015bw. Barbary dziewicy i m\u0119czennicy, patronki g\u00f3rnik\u00f3w.; w \u015brod\u0119 wspomnienie \u015bw. Miko\u0142aja; w czwartek \u2013 wspomnienie\u00a0 \u015bw. Ambro\u017cego biskupa i doktora Ko\u015bcio\u0142a; w pi\u0105tek.<\/li>\n<li>W pi\u0105tek 8 grudnia przypada Uroczysto\u015b\u0107 Niepokalanego Pocz\u0119cia Naj\u015bwi\u0119tszej Maryi Panny. Po\u00a0 Mszy \u015bw. o godzinie 9<sup>00<\/sup> b\u0119dzie wystawienie Naj\u015bwi\u0119tszego Sakramentu do godziny 15<sup>00<\/sup>.\u00a0 W \u201eGodzinie \u0141aski\u201d od 12<sup>00<\/sup> do 13<sup>00<\/sup> przed wystawionym Naj\u015bwi\u0119tszym Sakramentem b\u0119dziemy wyprasza\u0107 \u0142aski dla naszej Ojczyzny, Ko\u015bcio\u0142a, dla nas samych, dla naszych bliskich i dla ca\u0142ego \u015bwiata.<br \/>\nO godzinie 15<sup>00<\/sup> odm\u00f3wimy wsp\u00f3lnie Koronk\u0119 do Mi\u0142osierdzia Bo\u017cego, kt\u00f3ra zako\u0144czy Adoracj\u0119.<\/li>\n<li>W tym tygodniu przypada pierwszy czwartek miesi\u0105ca, dzie\u0144 modlitw o powo\u0142ania kap\u0142a\u0144skie i zakonne.<\/li>\n<li>Przysz\u0142a niedziela to Dzie\u0144 modlitwy i pomocy materialnej Ko\u015bcio\u0142owi na Wschodzie.<\/li>\n<li>Na furcie naszego Domu pod numerem 19 i przy wyj\u015bciu z ko\u015bcio\u0142a oraz w zakrystii mo\u017cna zaopatrzy\u0107 si\u0119 ju\u017c w \u015bwiece wigilijne i op\u0142atki. \u015awiece rozprowadzane\u00a0 s\u0105 w ramach \u00a0<em>Wigilijnego Dzie\u0142a Pomocy Dzieciom organizowanego przez Caritas.<\/em><\/li>\n<\/ol>\n<p>Wszystkim \u017cyczymy dobrego prze\u017cycia pierwszego\u00a0 tygodnia\u00a0 adwentowego.<\/p>\n","protected":false},"excerpt":{"rendered":"<p>W dzisiejsz\u0105 niedziel\u0119 rozpoczynamy nowy rok liturgiczny. Okres Adwentu, w kt\u00f3ry wkraczamy, ma podw\u00f3jny charakter: najpierw jest czasem oczekiwania na<\/p>\n","protected":false},"author":1,"featured_media":3528,"comment_status":"closed","ping_status":"closed","sticky":false,"template":"","format":"standard","meta":{"colormag_page_container_layout":"default_layout","colormag_page_sidebar_layout":"default_layout","footnotes":""},"categories":[6],"tags":[],"class_list":["post-3632","post","type-post","status-publish","format-standard","has-post-thumbnail","hentry","category-ogloszenia"],"_links":{"self":[{"href":"https:\/\/kleparz.misjonarze.pl\/index.php\/wp-json\/wp\/v2\/posts\/3632","targetHints":{"allow":["GET"]}}],"collection":[{"href":"https:\/\/kleparz.misjonarze.pl\/index.php\/wp-json\/wp\/v2\/posts"}],"about":[{"href":"https:\/\/kleparz.misjonarze.pl\/index.php\/wp-json\/wp\/v2\/types\/post"}],"author":[{"embeddable":true,"href":"https:\/\/kleparz.misjonarze.pl\/index.php\/wp-json\/wp\/v2\/users\/1"}],"replies":[{"embeddable":true,"href":"https:\/\/kleparz.misjonarze.pl\/index.php\/wp-json\/wp\/v2\/comments?post=3632"}],"version-history":[{"count":1,"href":"https:\/\/kleparz.misjonarze.pl\/index.php\/wp-json\/wp\/v2\/posts\/3632\/revisions"}],"predecessor-version":[{"id":3633,"href":"https:\/\/kleparz.misjonarze.pl\/index.php\/wp-json\/wp\/v2\/posts\/3632\/revisions\/3633"}],"wp:featuredmedia":[{"embeddable":true,"href":"https:\/\/kleparz.misjonarze.pl\/index.php\/wp-json\/wp\/v2\/media\/3528"}],"wp:attachment":[{"href":"https:\/\/kleparz.misjonarze.pl\/index.php\/wp-json\/wp\/v2\/media?parent=3632"}],"wp:term":[{"taxonomy":"category","embeddable":true,"href":"https:\/\/kleparz.misjonarze.pl\/index.php\/wp-json\/wp\/v2\/categories?post=3632"},{"taxonomy":"post_tag","embeddable":true,"href":"https:\/\/kleparz.misjonarze.pl\/index.php\/wp-json\/wp\/v2\/tags?post=3632"}],"curies":[{"name":"wp","href":"https:\/\/api.w.org\/{rel}","templated":true}]}}