{"id":3623,"date":"2023-11-12T00:16:16","date_gmt":"2023-11-11T23:16:16","guid":{"rendered":"https:\/\/kleparz.misjonarze.pl\/?p=3623"},"modified":"2023-11-12T00:16:16","modified_gmt":"2023-11-11T23:16:16","slug":"ogloszenia-duszpasterskie-xxxii-niedziela-zwykla-12-11-2023","status":"publish","type":"post","link":"https:\/\/kleparz.misjonarze.pl\/index.php\/2023\/11\/12\/ogloszenia-duszpasterskie-xxxii-niedziela-zwykla-12-11-2023\/","title":{"rendered":"Og\u0142oszenia  Duszpasterskie XXXII Niedziela  Zwyk\u0142a 12.11.2023"},"content":{"rendered":"<ol>\n<li>Dzisiaj prze\u017cywamy dzie\u0144 Solidarno\u015bci z Ko\u015bcio\u0142em Prze\u015bladowanym.<\/li>\n<li>W rozpoczynaj\u0105cym si\u0119 tygodniu w liturgii Ko\u015bcio\u0142a obchodzimy:<br \/>\nW poniedzia\u0142ek 13 listopada \u2013 wspomnienie \u015bwi\u0119tych: Benedykta, Mateusza, Jana, Izaaka i Krystyna, pierwszych m\u0119czennik\u00f3w Polskich<br \/>\nw czwartek 16 listopada &#8211; wspomnienie NMP Ostrobramskiej, w pi\u0105tek 17 listopada &#8211; wspomnienie \u015bw. El\u017cbiety W\u0119gierskiej, zakonnicy, w sobot\u0119 18 listopada &#8211; wspomnienie b\u0142ogos\u0142awionej Karoliny K\u00f3zk\u00f3wny, w niedziel\u0119 19 listopada &#8211; wspomnienie b\u0142ogos\u0142awionej Salomei, zakonnicy.<\/li>\n<li>We wtorek 14 listopada o godzinie 9.00 Msza \u015bw. w intencji Ojczyzny.<\/li>\n<li>W przysz\u0142\u0105 niedziel\u0119 b\u0119dziemy obchodzili VII Dzie\u0144 Ubogich pod has\u0142em: Nie odwracaj twarzy od \u017cadnego biedaka (Tb 4, 7). Na ten dzie\u0144 Ojciec \u015awi\u0119ty napisa\u0142 specjalne or\u0119dzie, kt\u00f3re jest dost\u0119pne na stronie internetowej naszego ko\u015bcio\u0142a. Centralne uroczysto\u015bci wsp\u00f3\u0142organizowane przez Archidiecezj\u0119 Krakowsk\u0105 oraz krakowskie organizacje i instytucje pomocowe b\u0119d\u0105 w dniach 17-19 listopada. W namiocie Spotka\u0144 na Ma\u0142ym Rynku ( porady prawne i terapeutyczne oraz ciep\u0142e posi\u0142ki a na ul. Smole\u0144sk pod nr 4 specjalistyczna pomoc medyczna \u201eLekarzy Nadziei\u201d). G\u0142\u00f3wnym punktem obchod\u00f3w 7 Dnia Ubogiego b\u0119dzie Msza \u015bw. pod przewodnictwem Ksi\u0119dza Arcybiskupa Marka J\u0119draszewskiego Metropolity Krakowskiego, kt\u00f3ra odb\u0119dzie si\u0119 w niedziel\u0119 19 listopada o godzinie 15.00 w Ko\u015bciele Mariackim. Ofiary na pomoc ubogim mo\u017cna od dzi\u015b sk\u0142ada\u0107 do karbony przy wyj\u015bciu z ko\u015bcio\u0142a. Program \u015aDU w Krakowie i szczeg\u00f3\u0142owe informacje s\u0105 dost\u0119pne na stronie internetowej: http:\/\/sdu.malopolska.pl\/.<\/li>\n<li>Wypominki za zmar\u0142ych mo\u017cna nadal sk\u0142ada\u0107 do skarbony obok o\u0142tarza \u015bw. Antoniego. Za polecanych zmar\u0142ych modlimy si\u0119 wsp\u00f3lnie podczas nabo\u017ce\u0144stw wieczornych w miesi\u0105cu listopadzie. Na furcie naszego domu przyjmujemy wypominki roczne. Za tych zmar\u0142ych modlimy si\u0119 podczas nabo\u017ce\u0144stw wieczornych we wszystkie czwartki, a w ka\u017cdy ostatni czwartek miesi\u0105ca odprawiamy Msz\u0119 \u015bwi\u0119t\u0105 o godzinie17.30<\/li>\n<\/ol>\n<p><em>W kolejn\u0105 listopadow\u0105 niedziel\u0119 Mi\u0142osierdziu Bo\u017cemu polecajmy wszystkich naszych zmar\u0142ych. Dobry Jezu a nasz Panie daj im wieczne spoczywanie<\/em><\/p>\n","protected":false},"excerpt":{"rendered":"<p>Dzisiaj prze\u017cywamy dzie\u0144 Solidarno\u015bci z Ko\u015bcio\u0142em Prze\u015bladowanym. W rozpoczynaj\u0105cym si\u0119 tygodniu w liturgii Ko\u015bcio\u0142a obchodzimy: W poniedzia\u0142ek 13 listopada \u2013<\/p>\n","protected":false},"author":1,"featured_media":3527,"comment_status":"closed","ping_status":"closed","sticky":false,"template":"","format":"standard","meta":{"colormag_page_container_layout":"default_layout","colormag_page_sidebar_layout":"default_layout","footnotes":""},"categories":[6],"tags":[],"class_list":["post-3623","post","type-post","status-publish","format-standard","has-post-thumbnail","hentry","category-ogloszenia"],"_links":{"self":[{"href":"https:\/\/kleparz.misjonarze.pl\/index.php\/wp-json\/wp\/v2\/posts\/3623","targetHints":{"allow":["GET"]}}],"collection":[{"href":"https:\/\/kleparz.misjonarze.pl\/index.php\/wp-json\/wp\/v2\/posts"}],"about":[{"href":"https:\/\/kleparz.misjonarze.pl\/index.php\/wp-json\/wp\/v2\/types\/post"}],"author":[{"embeddable":true,"href":"https:\/\/kleparz.misjonarze.pl\/index.php\/wp-json\/wp\/v2\/users\/1"}],"replies":[{"embeddable":true,"href":"https:\/\/kleparz.misjonarze.pl\/index.php\/wp-json\/wp\/v2\/comments?post=3623"}],"version-history":[{"count":1,"href":"https:\/\/kleparz.misjonarze.pl\/index.php\/wp-json\/wp\/v2\/posts\/3623\/revisions"}],"predecessor-version":[{"id":3624,"href":"https:\/\/kleparz.misjonarze.pl\/index.php\/wp-json\/wp\/v2\/posts\/3623\/revisions\/3624"}],"wp:featuredmedia":[{"embeddable":true,"href":"https:\/\/kleparz.misjonarze.pl\/index.php\/wp-json\/wp\/v2\/media\/3527"}],"wp:attachment":[{"href":"https:\/\/kleparz.misjonarze.pl\/index.php\/wp-json\/wp\/v2\/media?parent=3623"}],"wp:term":[{"taxonomy":"category","embeddable":true,"href":"https:\/\/kleparz.misjonarze.pl\/index.php\/wp-json\/wp\/v2\/categories?post=3623"},{"taxonomy":"post_tag","embeddable":true,"href":"https:\/\/kleparz.misjonarze.pl\/index.php\/wp-json\/wp\/v2\/tags?post=3623"}],"curies":[{"name":"wp","href":"https:\/\/api.w.org\/{rel}","templated":true}]}}