{"id":3620,"date":"2023-11-05T08:30:20","date_gmt":"2023-11-05T07:30:20","guid":{"rendered":"https:\/\/kleparz.misjonarze.pl\/?p=3620"},"modified":"2023-11-05T08:30:20","modified_gmt":"2023-11-05T07:30:20","slug":"ogloszenia-duszpasterskie-xxxi-niedziela-zwykla-5-xi-2023-r","status":"publish","type":"post","link":"https:\/\/kleparz.misjonarze.pl\/index.php\/2023\/11\/05\/ogloszenia-duszpasterskie-xxxi-niedziela-zwykla-5-xi-2023-r\/","title":{"rendered":"Og\u0142oszenia Duszpasterskie XXXI Niedziela Zwyk\u0142a 5 XI 2023 r."},"content":{"rendered":"<ol>\n<li>Do 8 listopada mo\u017cna uzyska\u0107 odpust zupe\u0142ny i ofiarowa\u0107 go za zmar\u0142ych. Warunkiem jest nawiedzenie cmentarza i spe\u0142nienie innych wymaganych prawem warunk\u00f3w. S\u0105 nimi: stan \u0142aski u\u015bwi\u0119caj\u0105cej, przyst\u0105pienie do Komunii \u015bwi\u0119tej i modlitwa wed\u0142ug intencji Ojca \u015awi\u0119tego oraz modlitwa za zmar\u0142ych. Zach\u0119camy do zyskiwania odpust\u00f3w za zmar\u0142ych.<\/li>\n<li>W tym tygodniu w liturgii Ko\u015bcio\u0142a obchodzimy w czwartek \u2013 9 listopada<br \/>\n&#8211; Rocznic\u0119 Po\u015bwi\u0119cenia Bazyliki Latera\u0144skiej<strong>. <\/strong>Bazylika na Lateranie jest ,,matk\u0105 i g\u0142ow\u0105 wszystkich ko\u015bcio\u0142\u00f3w \u00a0Miasta i \u015awiata \u201d oraz katedr\u0105 Biskupa Rzymu. \u015awi\u0119to to jest znakiem mi\u0142o\u015bci i jedno\u015bci ze Stolic\u0105 Piotrow\u0105. W tym dniu b\u0119dziemy modli\u0107 si\u0119 szczeg\u00f3lnie w intencji Ojca \u015awi\u0119tego Franciszka<strong>, <\/strong>wypraszaj\u0105c potrzebne \u0142aski w kierowaniu Ko\u015bcio\u0142em Chrystusowym; w pi\u0105tek \u2013 10 listopada \u2013 wspomnienie \u015bw. Leona Wielkiego, papie\u017ca i doktora Ko\u015bcio\u0142a; w sobot\u0119\u00a0 11 listopada\u00a0 przypada te\u017c wspomnienie \u015bw. Marcina\u00a0 z Tours, biskupa.<\/li>\n<li><strong>W sobot\u0119 \u2013 11 listopada \u2013 b\u0119dziemy obchodzili Narodowe \u015awi\u0119to Niepodleg\u0142o\u015bci<\/strong>. W tym dniu przypada 105 \u00a0Rocznica Odzyskania Niepodleg\u0142o\u015bci przez nasz\u0105 Ojczyzn\u0119. W 1918 roku, po 123 latach zabor\u00f3w i niewoli Polska na nowo si\u0119 odrodzi\u0142a. Chcemy w tym momencie szczeg\u00f3lnie pami\u0119ta\u0107 o tych, kt\u00f3rzy przelewali swoj\u0105 krew i oddali \u017cycie w obronie Ojczyzny. Dzi\u0119kuj\u0105c Panu Bogu za wolno\u015b\u0107, pro\u015bmy o dalszy\u00a0 pomy\u015blny rozw\u00f3j Polski. Msz\u0119 \u015bwi\u0119t\u0105 w intencji Ojczyzny odprawimy 11 listopada o godz. 9<sup>00<\/sup>.<\/li>\n<li>W sobot\u0119 jak ka\u017cdego 11- dnia miesi\u0105ca o godzinie 15.00 Msza \u015bw. w kaplicy Matki Bo\u017cej Lourde\u0144skiej z udzieleniem Sakramentu Chorych. Msz\u0119 \u015bw. poprzedzi Koronka do Bo\u017cego Mi\u0142osierdzia. Po Mszy spotkanie cz\u0142onk\u00f3w Wsp\u00f3lnoty Apostolatu Maryjnego i wszystkich, kt\u00f3rzy by chcieli si\u0119 w\u0142\u0105czy\u0107 do aposto\u0142owania.<\/li>\n<li>Wypominki za zmar\u0142ych mo\u017cna nadal sk\u0142ada\u0107 do skarbony obok o\u0142tarza \u015bw. Antoniego. Za polecanych zmar\u0142ych modlimy si\u0119 wsp\u00f3lnie podczas nabo\u017ce\u0144stw wieczornych w miesi\u0105cu listopadzie. Na furcie naszego domu przyjmujemy <strong>wypominki roczne.<\/strong> Za tych zmar\u0142ych modlimy si\u0119 podczas nabo\u017ce\u0144stw wieczornych we wszystkie czwartki, a w ka\u017cdy ostatni czwartek miesi\u0105ca odprawiamy Msz\u0119 \u015bwi\u0119t\u0105 o godzinie17.30.<\/li>\n<li><strong>Polecajmy Bo\u017cemu Mi\u0142osierdziu wszystkich naszych zmar\u0142ych<\/strong>:<br \/>\n<em>Dobry Jezu, a nasz Panie, daj im wieczne spoczywanie !<\/em><\/li>\n<\/ol>\n","protected":false},"excerpt":{"rendered":"<p>Do 8 listopada mo\u017cna uzyska\u0107 odpust zupe\u0142ny i ofiarowa\u0107 go za zmar\u0142ych. Warunkiem jest nawiedzenie cmentarza i spe\u0142nienie innych wymaganych<\/p>\n","protected":false},"author":1,"featured_media":3528,"comment_status":"closed","ping_status":"closed","sticky":false,"template":"","format":"standard","meta":{"colormag_page_container_layout":"default_layout","colormag_page_sidebar_layout":"default_layout","footnotes":""},"categories":[6],"tags":[],"class_list":["post-3620","post","type-post","status-publish","format-standard","has-post-thumbnail","hentry","category-ogloszenia"],"_links":{"self":[{"href":"https:\/\/kleparz.misjonarze.pl\/index.php\/wp-json\/wp\/v2\/posts\/3620","targetHints":{"allow":["GET"]}}],"collection":[{"href":"https:\/\/kleparz.misjonarze.pl\/index.php\/wp-json\/wp\/v2\/posts"}],"about":[{"href":"https:\/\/kleparz.misjonarze.pl\/index.php\/wp-json\/wp\/v2\/types\/post"}],"author":[{"embeddable":true,"href":"https:\/\/kleparz.misjonarze.pl\/index.php\/wp-json\/wp\/v2\/users\/1"}],"replies":[{"embeddable":true,"href":"https:\/\/kleparz.misjonarze.pl\/index.php\/wp-json\/wp\/v2\/comments?post=3620"}],"version-history":[{"count":1,"href":"https:\/\/kleparz.misjonarze.pl\/index.php\/wp-json\/wp\/v2\/posts\/3620\/revisions"}],"predecessor-version":[{"id":3621,"href":"https:\/\/kleparz.misjonarze.pl\/index.php\/wp-json\/wp\/v2\/posts\/3620\/revisions\/3621"}],"wp:featuredmedia":[{"embeddable":true,"href":"https:\/\/kleparz.misjonarze.pl\/index.php\/wp-json\/wp\/v2\/media\/3528"}],"wp:attachment":[{"href":"https:\/\/kleparz.misjonarze.pl\/index.php\/wp-json\/wp\/v2\/media?parent=3620"}],"wp:term":[{"taxonomy":"category","embeddable":true,"href":"https:\/\/kleparz.misjonarze.pl\/index.php\/wp-json\/wp\/v2\/categories?post=3620"},{"taxonomy":"post_tag","embeddable":true,"href":"https:\/\/kleparz.misjonarze.pl\/index.php\/wp-json\/wp\/v2\/tags?post=3620"}],"curies":[{"name":"wp","href":"https:\/\/api.w.org\/{rel}","templated":true}]}}