{"id":2633,"date":"2023-01-28T21:44:23","date_gmt":"2023-01-28T21:44:23","guid":{"rendered":"https:\/\/kleparz.misjonarze.pl\/index.php\/2023\/01\/28\/ogloszenia-duszpasterskie-iv-niedziela-zwykla-29-01-2023\/"},"modified":"2023-01-28T21:44:23","modified_gmt":"2023-01-28T21:44:23","slug":"ogloszenia-duszpasterskie-iv-niedziela-zwykla-29-01-2023","status":"publish","type":"post","link":"https:\/\/kleparz.misjonarze.pl\/index.php\/2023\/01\/28\/ogloszenia-duszpasterskie-iv-niedziela-zwykla-29-01-2023\/","title":{"rendered":"Og\u0142oszenia Duszpasterskie: IV Niedziela Zwyk\u0142a 29.01.2023"},"content":{"rendered":"<ol>\n<li>W liturgii Ko\u015bcio\u0142a wspominamy: we wtorek \u015bw. Jana Bosko, prezbitera; w pi\u0105tek \u015bw. B\u0142a\u017ceja m\u0119czennika, patrona od chor\u00f3b gard\u0142a; w przysz\u0142\u0105 niedziel\u0119 &#8211; \u015bw. Agat\u0119, dziewic\u0119 i m\u0119czennic\u0119, kt\u00f3ra oddala \u017cycie za wiar\u0119.<\/li>\n<li>W czwartek <strong>2 lutego<\/strong> <strong>\u015bwi\u0119to Ofiarowania Pa\u0144skiego. Jest to te\u017c XXVII\u00a0 <em>Dzie\u0144 \u017bycia Konsekrowanego<\/em>. <\/strong>Ofiary z\u0142o\u017cone na tac\u0119 w tym dniu b\u0119d\u0105 przeznaczone na wsparcie\u00a0 zakon\u00f3w kontemplacyjnych. Na liturgi\u0119 przynosimy \u015bwiece.<\/li>\n<li>W tym tygodniu przypadaj\u0105 <strong>Dni Eucharystyczne: pierwszy czwartek, pi\u0105tek i sobota miesi\u0105ca<\/strong>. Po Mszach \u015bwi\u0119tych o godzinie 9<sup>00<\/sup> okoliczno\u015bciowe nabo\u017ce\u0144stwa. Okazja do spowiedzi przez ca\u0142y tydzie\u0144\u00a0\u00a0 <strong>od\u00a0 5<sup>30\u00a0 <\/sup>do\u00a0 9<sup>30\u00a0\u00a0 <\/sup>i\u00a0 od\u00a0 17<sup>00<\/sup>\u00a0 do\u00a0 18<sup>00<\/sup>.<\/strong><\/li>\n<li><strong>11 lutego \u2013 przypada w liturgii \u015awi\u0119to Matki Bo\u017cej Lourde\u0144skiej. W naszym ko\u015bciele b\u0119dziemy obchodzili doroczn\u0105 Uroczysto\u015b\u0107 Odpustow\u0105. W tym dniu przypada XXXI<em> \u015awiatowy Dzie\u0144 Chorego<\/em>. Ju\u017c dzi\u015b informujemy, \u017ce uroczysta Suma Odpustowa b\u0119dzie odprawiona o godzinie 17<sup>30<\/sup>. W czasie Mszy \u015bwi\u0119tych o godzinie\u00a0 <u>9<sup>00<\/sup> ; 15<sup>00<\/sup>\u00a0 i 17<sup>30<\/sup><\/u>\u00a0 zostanie udzielony Sakrament Namaszczenia osobom chorym, cierpi\u0105cym i starszym wiekiem.<\/strong> Od godziny 10<sup>00<\/sup> do 15<sup>00<\/sup> b\u0119dzie Adoracja Naj\u015bwi\u0119tszego Sakramentu w kaplicy przy figurze Matki Bo\u017cej Lourde\u0144skiej.<br \/>\nO godzinie 14<sup>50<\/sup> wsp\u00f3lnie odm\u00f3wimy Koronk\u0119 do Bo\u017cego Mi\u0142osierdzia. B\u0119dzie r\u00f3wnie\u017c Msza \u015bw. o godzinie 15<sup>00<\/sup> jak ka\u017cdego 11-tego dnia miesi\u0105ca. Adoracja zako\u0144czy si\u0119 o godzinie 17<sup>00<\/sup> Nowenn\u0105 do Matki Bo\u017cej Lourde\u0144skiej. Serdecznie zapraszamy szczeg\u00f3lnie chorych, cierpi\u0105cych, starszych wiekiem i opiekuj\u0105cych si\u0119 chorymi do udzia\u0142u w tych uroczysto\u015bciach.<\/li>\n<li>Przypominamy, \u017ce powracamy do g\u0142oszenia kaza\u0144 katechizmowych.\u00a0\u00a0Dwa najbli\u017csze kazania, czyli 5 lutego oraz 5 marca, b\u0119d\u0105 dotyczy\u0142y problemu z\u0142a w \u015bwiecie.\u00a0W kazaniu lutowym temat zostanie przedstawiony w uj\u0119ciu religijnym:\u00a0\u00a0dlaczego istnieje z\u0142o, dlaczego stanowi trudno\u015b\u0107 w zrozumieniu, jak nale\u017cy wzgl\u0119dem niego post\u0119powa\u0107.\u00a0\u00a0Kaznodzieja postara si\u0119 odpowiedzie\u0107 na najbardziej nurtuj\u0105ce pytania w tej materii.\u00a0\u00a0Serdecznie zapraszamy<\/li>\n<li>Trwa rekrutacja do Przedszkola nr 2 Si\u00f3str Mi\u0142osierdzia przy ul. Warszawskiej 6 w Krakowie. Bli\u017csze informacje na plakacie.<\/li>\n<\/ol>\n<p>Wszystkim \u017cyczymy dobrej niedzieli i Bo\u017cego B\u0142ogos\u0142awie\u0144stwa w kolejnym tygodniu.<\/p>\n","protected":false},"excerpt":{"rendered":"<p>W liturgii Ko\u015bcio\u0142a wspominamy: we wtorek \u015bw. Jana Bosko, prezbitera; w pi\u0105tek \u015bw. B\u0142a\u017ceja m\u0119czennika, patrona od chor\u00f3b gard\u0142a; w<\/p>\n","protected":false},"author":1,"featured_media":1404,"comment_status":"closed","ping_status":"closed","sticky":false,"template":"","format":"standard","meta":{"colormag_page_container_layout":"default_layout","colormag_page_sidebar_layout":"default_layout","footnotes":""},"categories":[6],"tags":[],"class_list":["post-2633","post","type-post","status-publish","format-standard","has-post-thumbnail","hentry","category-ogloszenia"],"_links":{"self":[{"href":"https:\/\/kleparz.misjonarze.pl\/index.php\/wp-json\/wp\/v2\/posts\/2633","targetHints":{"allow":["GET"]}}],"collection":[{"href":"https:\/\/kleparz.misjonarze.pl\/index.php\/wp-json\/wp\/v2\/posts"}],"about":[{"href":"https:\/\/kleparz.misjonarze.pl\/index.php\/wp-json\/wp\/v2\/types\/post"}],"author":[{"embeddable":true,"href":"https:\/\/kleparz.misjonarze.pl\/index.php\/wp-json\/wp\/v2\/users\/1"}],"replies":[{"embeddable":true,"href":"https:\/\/kleparz.misjonarze.pl\/index.php\/wp-json\/wp\/v2\/comments?post=2633"}],"version-history":[{"count":0,"href":"https:\/\/kleparz.misjonarze.pl\/index.php\/wp-json\/wp\/v2\/posts\/2633\/revisions"}],"wp:featuredmedia":[{"embeddable":true,"href":"https:\/\/kleparz.misjonarze.pl\/index.php\/wp-json\/wp\/v2\/media\/1404"}],"wp:attachment":[{"href":"https:\/\/kleparz.misjonarze.pl\/index.php\/wp-json\/wp\/v2\/media?parent=2633"}],"wp:term":[{"taxonomy":"category","embeddable":true,"href":"https:\/\/kleparz.misjonarze.pl\/index.php\/wp-json\/wp\/v2\/categories?post=2633"},{"taxonomy":"post_tag","embeddable":true,"href":"https:\/\/kleparz.misjonarze.pl\/index.php\/wp-json\/wp\/v2\/tags?post=2633"}],"curies":[{"name":"wp","href":"https:\/\/api.w.org\/{rel}","templated":true}]}}