{"id":2060,"date":"2021-06-27T07:56:14","date_gmt":"2021-06-27T07:56:14","guid":{"rendered":"https:\/\/kleparz.misjonarze.pl\/index.php\/2021\/06\/27\/ogloszenia-duszpasterskie-13-niedziela-zwykla-27-06-2021r\/"},"modified":"2021-06-27T07:56:14","modified_gmt":"2021-06-27T07:56:14","slug":"ogloszenia-duszpasterskie-13-niedziela-zwykla-27-06-2021r","status":"publish","type":"post","link":"https:\/\/kleparz.misjonarze.pl\/index.php\/2021\/06\/27\/ogloszenia-duszpasterskie-13-niedziela-zwykla-27-06-2021r\/","title":{"rendered":"Og\u0142oszenia Duszpasterskie: 13 Niedziela Zwyk\u0142a &#8211; 27.06.2021r."},"content":{"rendered":"<ol>\n<li>Rozpocz\u0105\u0142 si\u0119 czas wakacyjnego wypoczynku. Dla chrze\u015bcijan ten czas powinien by\u0107 cennym darem, kt\u00f3ry s\u0142u\u017cy wzrastaniu w dobru i mi\u0142o\u015bci, s\u0142u\u017cy pog\u0142\u0119bianiu wi\u0119zi z Bogiem i lud\u017ami. Nie zapominajmy w czasie wakacji o najwa\u017cniejszym obowi\u0105zku ka\u017cdego katolika \u2013 o uczestniczeniu w niedzielnej Mszy \u015bw.<\/li>\n<li>W liturgii tygodnia: w poniedzia\u0142ek wspomnienie \u015bw. Ireneusza Biskupa i m\u0119czennika; we wtorek &#8211; <strong>29 czerwca<\/strong> &#8211; <strong>Uroczysto\u015b\u0107 \u015awi\u0119tych Aposto\u0142\u00f3w Piotra i Paw\u0142a. <\/strong>Jest to dzie\u0144 szczeg\u00f3lnej modlitwy w intencji Ojca \u015awi\u0119tego Franciszka. Uroczyste Msze \u015bw. w naszym ko\u015bciele \u015bw. o godzinie:\u00a0 <strong>8.00;\u00a0 9.00\u00a0 i\u00a0 17.30; <\/strong>w sobot\u0119\u00a0 3 lipca,\u00a0 \u015bwi\u0119to\u00a0 \u015bw. Tomasza Aposto\u0142a.<\/li>\n<li>W rozpoczynaj\u0105cym si\u0119 tygodniu przypadaj\u0105 dni eucharystyczne: pierwszy czwartek, pi\u0105tek i sobota miesi\u0105ca. W czwartek modli\u0107 si\u0119 b\u0119dziemy o powo\u0142ania kap\u0142a\u0144skie i zakonne. W pi\u0105tek po Mszach \u015bw. o 9<sup>00<\/sup> i 17<sup>30<\/sup> nabo\u017ce\u0144stwo do NSPJ. Okazja do spowiedzi codziennie od 5<sup>30 <\/sup>do 9<sup>30<\/sup> i od 17<sup>00 <\/sup>do 18<sup>00<\/sup>. W sobot\u0119 po Mszy \u015bw. o godzinie 9<sup>00<\/sup>\u00a0 nabo\u017ce\u0144stwo wynagradzaj\u0105ce Naj\u015bwi\u0119tszej Maryi Pannie za wszelkie zniewagi.<\/li>\n<li>W przysz\u0142\u0105 niedziel\u0119 przypada liturgiczna rocznica po\u015bwi\u0119cenia Bazyliki Metropolitalnej w Krakowie.<\/li>\n<li>Zapraszamy na koncert muzyki sakralnej, kt\u00f3ry odb\u0119dzie si\u0119 w przysz\u0142\u0105 niedziel\u0119 (7.04) bezpo\u015brednio po Mszy \u015awi\u0119tej o godzinie 16.<sup>30<\/sup>. Na organach zagraj\u0105 Bart\u0142omiej Chmielewski oraz Igor Sikorski, a za\u015bpiewa Franciszek Paw\u0142owski. Zach\u0119camy do skorzystania z mo\u017cliwo\u015bci wys\u0142uchania koncertu na \u017cywo w tych trudnych czasach.<\/li>\n<li><strong>Dzisiaj we wszystkich ko\u015bcio\u0142ach Archidiecezji Krakowskiej jest przeprowadzana zbi\u00f3rka ofiar na rzecz poszkodowanych w wielkim po\u017carze w Nowej Bia\u0142ej. Abp Marek J\u0119draszewski apeluje o solidarno\u015b\u0107 z potrzebuj\u0105cymi<\/strong><strong>. <\/strong><strong>Ofiar\u0119 na ten cel mo\u017cna z\u0142o\u017cy\u0107 do skarbony przy wyj\u015bciu z ko\u015bcio\u0142a.<\/strong><\/li>\n<li>Wszystkim wyje\u017cd\u017caj\u0105cym na wakacje \u017cyczymy Bo\u017cego b\u0142ogos\u0142awie\u0144stwa w podr\u00f3\u017cy i dobrego bezpiecznego wypoczynku, a solenizantom najbli\u017cszych dni &#8211; opieki \u015bwi\u0119tych patron\u00f3w.<\/li>\n<\/ol>\n","protected":false},"excerpt":{"rendered":"<p>Rozpocz\u0105\u0142 si\u0119 czas wakacyjnego wypoczynku. Dla chrze\u015bcijan ten czas powinien by\u0107 cennym darem, kt\u00f3ry s\u0142u\u017cy wzrastaniu w dobru i mi\u0142o\u015bci,<\/p>\n","protected":false},"author":1,"featured_media":1390,"comment_status":"closed","ping_status":"closed","sticky":false,"template":"","format":"standard","meta":{"colormag_page_container_layout":"default_layout","colormag_page_sidebar_layout":"default_layout","footnotes":""},"categories":[6],"tags":[],"class_list":["post-2060","post","type-post","status-publish","format-standard","has-post-thumbnail","hentry","category-ogloszenia"],"_links":{"self":[{"href":"https:\/\/kleparz.misjonarze.pl\/index.php\/wp-json\/wp\/v2\/posts\/2060","targetHints":{"allow":["GET"]}}],"collection":[{"href":"https:\/\/kleparz.misjonarze.pl\/index.php\/wp-json\/wp\/v2\/posts"}],"about":[{"href":"https:\/\/kleparz.misjonarze.pl\/index.php\/wp-json\/wp\/v2\/types\/post"}],"author":[{"embeddable":true,"href":"https:\/\/kleparz.misjonarze.pl\/index.php\/wp-json\/wp\/v2\/users\/1"}],"replies":[{"embeddable":true,"href":"https:\/\/kleparz.misjonarze.pl\/index.php\/wp-json\/wp\/v2\/comments?post=2060"}],"version-history":[{"count":0,"href":"https:\/\/kleparz.misjonarze.pl\/index.php\/wp-json\/wp\/v2\/posts\/2060\/revisions"}],"wp:featuredmedia":[{"embeddable":true,"href":"https:\/\/kleparz.misjonarze.pl\/index.php\/wp-json\/wp\/v2\/media\/1390"}],"wp:attachment":[{"href":"https:\/\/kleparz.misjonarze.pl\/index.php\/wp-json\/wp\/v2\/media?parent=2060"}],"wp:term":[{"taxonomy":"category","embeddable":true,"href":"https:\/\/kleparz.misjonarze.pl\/index.php\/wp-json\/wp\/v2\/categories?post=2060"},{"taxonomy":"post_tag","embeddable":true,"href":"https:\/\/kleparz.misjonarze.pl\/index.php\/wp-json\/wp\/v2\/tags?post=2060"}],"curies":[{"name":"wp","href":"https:\/\/api.w.org\/{rel}","templated":true}]}}