{"id":2055,"date":"2021-06-20T19:29:16","date_gmt":"2021-06-20T19:29:16","guid":{"rendered":"https:\/\/kleparz.misjonarze.pl\/index.php\/2021\/06\/20\/ogloszenia-duszpasterskie-12-niedziela-zwykla-20-06-2021r\/"},"modified":"2021-06-20T19:29:16","modified_gmt":"2021-06-20T19:29:16","slug":"ogloszenia-duszpasterskie-12-niedziela-zwykla-20-06-2021r","status":"publish","type":"post","link":"https:\/\/kleparz.misjonarze.pl\/index.php\/2021\/06\/20\/ogloszenia-duszpasterskie-12-niedziela-zwykla-20-06-2021r\/","title":{"rendered":"Og\u0142oszenia Duszpasterskie: 12 Niedziela Zwyk\u0142a &#8211; 20.06.2021r."},"content":{"rendered":"<ol>\n<li>Dzisiaj przypada wspomnienie b\u0142. W\u0142adys\u0142awa Bukowi\u0144skiego.<\/li>\n<li>Nabo\u017ce\u0144stwa do Naj\u015bwi\u0119tszego Serca Pana Jezusa odprawiamy codziennie po wieczornej Mszy \u015bw.<\/li>\n<li>W liturgii rozpoczynaj\u0105cego si\u0119 tygodnia: w poniedzia\u0142ek wspomnienie \u015bw. Alojzego Gonzagi, zakonnika; w czwartek <strong>Uroczysto\u015b\u0107 Narodzenia \u015bw. Jana Chrzciciela<\/strong>; w sobot\u0119 wspomnienie b\u0142. Marii Magdaleny Fontaine i Towarzyszek, dziewic i m\u0119czennic, Si\u00f3str Mi\u0142osierdzia, kt\u00f3re ponios\u0142y \u015bmier\u0107 m\u0119cze\u0144sk\u0105 w czasie rewolucji francuskiej.<\/li>\n<li>W czasie wakacji pami\u0119tajmy o Panu Bogu, o codziennej modlitwie i niedzielnej Mszy \u015bw.<\/li>\n<li>Od dzisiejszej niedzieli 20 czerwca br. w Archidiecezji Krakowskiej zostaje odwo\u0142ana dyspensa od obowi\u0105zku niedzielnego i \u015bwi\u0105tecznego uczestnictwa we Mszy \u015bw.<\/li>\n<li>Wszystkim solenizantom i solenizantkom najbli\u017cszych\u00a0 dni\u00a0 sk\u0142adamy serdeczne \u017cyczenia, a udaj\u0105cym si\u0119 na wakacje \u017cyczymy Bo\u017cego b\u0142ogos\u0142awie\u0144stwa w podr\u00f3\u017cy i dobrego wypoczynku!<\/li>\n<\/ol>\n","protected":false},"excerpt":{"rendered":"<p>Dzisiaj przypada wspomnienie b\u0142. W\u0142adys\u0142awa Bukowi\u0144skiego. Nabo\u017ce\u0144stwa do Naj\u015bwi\u0119tszego Serca Pana Jezusa odprawiamy codziennie po wieczornej Mszy \u015bw. W liturgii<\/p>\n","protected":false},"author":1,"featured_media":1398,"comment_status":"closed","ping_status":"closed","sticky":false,"template":"","format":"standard","meta":{"colormag_page_container_layout":"default_layout","colormag_page_sidebar_layout":"default_layout","footnotes":""},"categories":[6],"tags":[],"class_list":["post-2055","post","type-post","status-publish","format-standard","has-post-thumbnail","hentry","category-ogloszenia"],"_links":{"self":[{"href":"https:\/\/kleparz.misjonarze.pl\/index.php\/wp-json\/wp\/v2\/posts\/2055","targetHints":{"allow":["GET"]}}],"collection":[{"href":"https:\/\/kleparz.misjonarze.pl\/index.php\/wp-json\/wp\/v2\/posts"}],"about":[{"href":"https:\/\/kleparz.misjonarze.pl\/index.php\/wp-json\/wp\/v2\/types\/post"}],"author":[{"embeddable":true,"href":"https:\/\/kleparz.misjonarze.pl\/index.php\/wp-json\/wp\/v2\/users\/1"}],"replies":[{"embeddable":true,"href":"https:\/\/kleparz.misjonarze.pl\/index.php\/wp-json\/wp\/v2\/comments?post=2055"}],"version-history":[{"count":0,"href":"https:\/\/kleparz.misjonarze.pl\/index.php\/wp-json\/wp\/v2\/posts\/2055\/revisions"}],"wp:featuredmedia":[{"embeddable":true,"href":"https:\/\/kleparz.misjonarze.pl\/index.php\/wp-json\/wp\/v2\/media\/1398"}],"wp:attachment":[{"href":"https:\/\/kleparz.misjonarze.pl\/index.php\/wp-json\/wp\/v2\/media?parent=2055"}],"wp:term":[{"taxonomy":"category","embeddable":true,"href":"https:\/\/kleparz.misjonarze.pl\/index.php\/wp-json\/wp\/v2\/categories?post=2055"},{"taxonomy":"post_tag","embeddable":true,"href":"https:\/\/kleparz.misjonarze.pl\/index.php\/wp-json\/wp\/v2\/tags?post=2055"}],"curies":[{"name":"wp","href":"https:\/\/api.w.org\/{rel}","templated":true}]}}