{"id":2050,"date":"2021-06-13T17:06:55","date_gmt":"2021-06-13T17:06:55","guid":{"rendered":"https:\/\/kleparz.misjonarze.pl\/index.php\/2021\/06\/13\/ogloszenia-duszpasterskie-11-niedziela-zwykla-13-06-2021r\/"},"modified":"2021-06-13T17:06:55","modified_gmt":"2021-06-13T17:06:55","slug":"ogloszenia-duszpasterskie-11-niedziela-zwykla-13-06-2021r","status":"publish","type":"post","link":"https:\/\/kleparz.misjonarze.pl\/index.php\/2021\/06\/13\/ogloszenia-duszpasterskie-11-niedziela-zwykla-13-06-2021r\/","title":{"rendered":"Og\u0142oszenia Duszpasterskie: 11 Niedziela Zwyk\u0142a &#8211; 13.06.2021r."},"content":{"rendered":"<ol>\n<li>Dzi\u015b przypada wspomnienie \u015bw. Antoniego z Padwy, zakonnika.<\/li>\n<li>W poniedzia\u0142ek o 17<sup>30<\/sup> odprawimy koncelebrowan\u0105 Msze \u015bw. pogrzebow\u0105 za \u015bp. ks. Stefana Zaj\u0105ca, kt\u00f3ry przez ostatnie lata mieszka\u0142 w naszym domu i pos\u0142ugiwa\u0142 w naszym ko\u015bciele, a zmar\u0142 pierwszego kwietnia br. w czasie pandemii. Pogrzeb odby\u0142 si\u0119 w rodzinnej miejscowo\u015bci zmar\u0142ego w Wi\u0119ci\u00f3rce.<\/li>\n<li>Nabo\u017ce\u0144stwa czerwcowe odprawiamy po wieczornej Mszy \u015bw. Zach\u0119camy do uczestnictwa w nabo\u017ce\u0144stwach ku czci Naj\u015bwi\u0119tszego Serca Pana Jezusa.<\/li>\n<li>W liturgii tygodnia: w poniedzia\u0142ek wspomnienie b\u0142. Micha\u0142a Kozala, biskupa i m\u0119czennika, w czwartek wspomnienie \u015bw. Brata Alberta Chmielowskiego, a w przysz\u0142\u0105 niedziel\u0119 wspomnienie b\u0142. ks. W\u0142adys\u0142awa Bukowi\u0144skiego, kap\u0142ana.<\/li>\n<li>Spowiadamy codziennie od godz. <strong>5<sup>30<\/sup> \u2013 9<sup>30<\/sup><\/strong> i wieczorem od <strong>17<sup>00<\/sup> \u2013 18<sup>00<\/sup>.<\/strong><\/li>\n<li>Informujemy, \u017ce od 20 czerwca br. W Archidiecezji Krakowskiej zostaje odwo\u0142ana dyspensa od obowi\u0105zku niedzielnego i \u015bwi\u0105tecznego uczestnictwa we Mszy \u015bw.<\/li>\n<li>Wszystkim udaj\u0105cym si\u0119 na wakacje \u017cyczymy Bo\u017cego b\u0142ogos\u0142awie\u0144stwa w podr\u00f3\u017cy i dobrego wypoczynku.<\/li>\n<\/ol>\n","protected":false},"excerpt":{"rendered":"<p>Dzi\u015b przypada wspomnienie \u015bw. Antoniego z Padwy, zakonnika. W poniedzia\u0142ek o 1730 odprawimy koncelebrowan\u0105 Msze \u015bw. pogrzebow\u0105 za \u015bp. ks.<\/p>\n","protected":false},"author":1,"featured_media":1398,"comment_status":"closed","ping_status":"closed","sticky":false,"template":"","format":"standard","meta":{"colormag_page_container_layout":"default_layout","colormag_page_sidebar_layout":"default_layout","footnotes":""},"categories":[6],"tags":[],"class_list":["post-2050","post","type-post","status-publish","format-standard","has-post-thumbnail","hentry","category-ogloszenia"],"_links":{"self":[{"href":"https:\/\/kleparz.misjonarze.pl\/index.php\/wp-json\/wp\/v2\/posts\/2050","targetHints":{"allow":["GET"]}}],"collection":[{"href":"https:\/\/kleparz.misjonarze.pl\/index.php\/wp-json\/wp\/v2\/posts"}],"about":[{"href":"https:\/\/kleparz.misjonarze.pl\/index.php\/wp-json\/wp\/v2\/types\/post"}],"author":[{"embeddable":true,"href":"https:\/\/kleparz.misjonarze.pl\/index.php\/wp-json\/wp\/v2\/users\/1"}],"replies":[{"embeddable":true,"href":"https:\/\/kleparz.misjonarze.pl\/index.php\/wp-json\/wp\/v2\/comments?post=2050"}],"version-history":[{"count":0,"href":"https:\/\/kleparz.misjonarze.pl\/index.php\/wp-json\/wp\/v2\/posts\/2050\/revisions"}],"wp:featuredmedia":[{"embeddable":true,"href":"https:\/\/kleparz.misjonarze.pl\/index.php\/wp-json\/wp\/v2\/media\/1398"}],"wp:attachment":[{"href":"https:\/\/kleparz.misjonarze.pl\/index.php\/wp-json\/wp\/v2\/media?parent=2050"}],"wp:term":[{"taxonomy":"category","embeddable":true,"href":"https:\/\/kleparz.misjonarze.pl\/index.php\/wp-json\/wp\/v2\/categories?post=2050"},{"taxonomy":"post_tag","embeddable":true,"href":"https:\/\/kleparz.misjonarze.pl\/index.php\/wp-json\/wp\/v2\/tags?post=2050"}],"curies":[{"name":"wp","href":"https:\/\/api.w.org\/{rel}","templated":true}]}}