{"id":2037,"date":"2021-05-29T19:41:53","date_gmt":"2021-05-29T19:41:53","guid":{"rendered":"https:\/\/kleparz.misjonarze.pl\/index.php\/2021\/05\/29\/ogloszenia-duszpasterskie-ix-niedziela-zwykla-uroczystosc-najswietszej-trojcy-30-05-2021r\/"},"modified":"2021-05-29T19:41:53","modified_gmt":"2021-05-29T19:41:53","slug":"ogloszenia-duszpasterskie-ix-niedziela-zwykla-uroczystosc-najswietszej-trojcy-30-05-2021r","status":"publish","type":"post","link":"https:\/\/kleparz.misjonarze.pl\/index.php\/2021\/05\/29\/ogloszenia-duszpasterskie-ix-niedziela-zwykla-uroczystosc-najswietszej-trojcy-30-05-2021r\/","title":{"rendered":"Og\u0142oszenia duszpasterskie: IX  Niedziela Zwyk\u0142a &#8211; Uroczysto\u015b\u0107  Naj\u015bwi\u0119tszej Tr\u00f3jcy &#8211; 30.05.2021r."},"content":{"rendered":"<ol>\n<li>W archidiecezji krakowskiej ko\u0144czy si\u0119 dzi\u015b okres spowiedzi i Komunii \u015bw. wielkanocnej.<\/li>\n<li>W liturgii tygodnia: w poniedzia\u0142ek \u015bwi\u0119to Nawiedzenia Naj\u015bwi\u0119tszej Maryi Panny, we wtorek wspomnienie \u015bw. Justyna, m\u0119czennika.<\/li>\n<li>W czwartek \u2013 3 czerwca<strong> \u2013\u00a0 UROCZYSTO\u015a\u0106 NAJ\u015aWI\u0118TSZEGO CIA\u0141A I KRWI CHRYSTUSA ( Bo\u017ce Cia\u0142o ). <\/strong>Centralna procesja Bo\u017cego Cia\u0142a z Wawelu na Rynek G\u0142\u00f3wny rozpocznie si\u0119 Msz\u0105 \u015bw. sprawowan\u0105 przy o\u0142tarzu polowym na dziedzi\u0144cu przed Katedr\u0105 Wawelsk\u0105 o godzinie 9<sup>00<\/sup>. \u00a0Msze \u015bwi\u0119te w naszym ko\u015bciele jak w ka\u017cd\u0105 niedziel\u0119.<\/li>\n<li>W Uroczysto\u015b\u0107 Bo\u017cego Cia\u0142a, w ko\u015bciele \u015bw. Floriana o godz.<strong>15<sup>15<\/sup><\/strong> zostanie odprawiona Uroczysta Msza \u015bw., a nast\u0119pnie przejdzie <strong>Procesja Eucharystyczna<\/strong> wok\u00f3\u0142 ko\u015bcio\u0142a do czterech o\u0142tarzy. Proboszcz parafii \u2013 ks. Pra\u0142at Grzegorz Szewczyk zaprasza wszystkich do udzia\u0142u w tej procesji.<\/li>\n<li>W tym tygodniu przypadaj\u0105 <em>Dni Eucharystyczne<\/em>: pierwszy czwartek, pi\u0105tek i pierwsza sobota miesi\u0105ca. Po Mszach \u015bw. o godz. 9.00 odprawimy okoliczno\u015bciowe nabo\u017ce\u0144stwa. W czwartek o powo\u0142ania kap\u0142a\u0144skie i zakonne, w pi\u0105tek wynagradzaj\u0105ce Naj\u015bwi\u0119tszemu Sercu Jezusowemu za wszelkie zniewagi i grzechy a w sobot\u0119 wynagradzaj\u0105ce Niepokalanemu Sercu Naj\u015bwi\u0119tszej Maryi Panny<strong>.<\/strong><\/li>\n<li>Nabo\u017ce\u0144stwa czerwcowe b\u0119dziemy odprawiali od wtorku, zawsze po Mszy \u015bw. wieczornej.<\/li>\n<li>W przysz\u0142\u0105 niedziel\u0119 o godzinie <strong>12<sup>00<\/sup> <\/strong>b\u0119dzie w naszym ko\u015bciele <strong>Uroczysta Msza \u015bw. kap\u0142an\u00f3w prze\u017cywaj\u0105cych w tym roku jubileusze:<\/strong> <strong>50-lecia, 40-lecia i<\/strong> <strong>30<\/strong>&#8211;<strong>lecia<\/strong> kap\u0142a\u0144stwa<strong>.\u00a0 <\/strong>Jubileusz 50-lecia b\u0119dzie obchodzi\u0142 ks. dr Stefan Uchacz nale\u017c\u0105cy do naszej wsp\u00f3lnoty a pos\u0142uguj\u0105cy na co dzie\u0144 Siostrom Mi\u0142osierdzia<strong>\u00a0 <\/strong>w Zebrzydowicach, 40-lecia ks. Marcin Stasiowski i ks. Jacek Gasi\u0144ski, a 30-lecia ks. Dyrektor Krakowskiej Prowincji Si\u00f3str Mi\u0142osierdzia ks. Bogdan Zapotoczny. W Mszy \u015bw. b\u0119dzie uczestniczy\u0142\u00a0 nowo wybrany Prowincja\u0142 \u00a0Polskiej\u00a0 Prowincji\u00a0 Zgromadzenia Misji ks. Wizytator dr Pawe\u0142 Holc i Sekretarz prowincji ks. Adam Borowski, kt\u00f3rzy r\u00f3wnie\u017c obchodz\u0105 jubileusz 30-lecia pos\u0142ugi kap\u0142a\u0144skiej.<\/li>\n<\/ol>\n","protected":false},"excerpt":{"rendered":"<p>W archidiecezji krakowskiej ko\u0144czy si\u0119 dzi\u015b okres spowiedzi i Komunii \u015bw. wielkanocnej. W liturgii tygodnia: w poniedzia\u0142ek \u015bwi\u0119to Nawiedzenia Naj\u015bwi\u0119tszej<\/p>\n","protected":false},"author":1,"featured_media":1390,"comment_status":"closed","ping_status":"closed","sticky":false,"template":"","format":"standard","meta":{"colormag_page_container_layout":"default_layout","colormag_page_sidebar_layout":"default_layout","footnotes":""},"categories":[6],"tags":[],"class_list":["post-2037","post","type-post","status-publish","format-standard","has-post-thumbnail","hentry","category-ogloszenia"],"_links":{"self":[{"href":"https:\/\/kleparz.misjonarze.pl\/index.php\/wp-json\/wp\/v2\/posts\/2037","targetHints":{"allow":["GET"]}}],"collection":[{"href":"https:\/\/kleparz.misjonarze.pl\/index.php\/wp-json\/wp\/v2\/posts"}],"about":[{"href":"https:\/\/kleparz.misjonarze.pl\/index.php\/wp-json\/wp\/v2\/types\/post"}],"author":[{"embeddable":true,"href":"https:\/\/kleparz.misjonarze.pl\/index.php\/wp-json\/wp\/v2\/users\/1"}],"replies":[{"embeddable":true,"href":"https:\/\/kleparz.misjonarze.pl\/index.php\/wp-json\/wp\/v2\/comments?post=2037"}],"version-history":[{"count":0,"href":"https:\/\/kleparz.misjonarze.pl\/index.php\/wp-json\/wp\/v2\/posts\/2037\/revisions"}],"wp:featuredmedia":[{"embeddable":true,"href":"https:\/\/kleparz.misjonarze.pl\/index.php\/wp-json\/wp\/v2\/media\/1390"}],"wp:attachment":[{"href":"https:\/\/kleparz.misjonarze.pl\/index.php\/wp-json\/wp\/v2\/media?parent=2037"}],"wp:term":[{"taxonomy":"category","embeddable":true,"href":"https:\/\/kleparz.misjonarze.pl\/index.php\/wp-json\/wp\/v2\/categories?post=2037"},{"taxonomy":"post_tag","embeddable":true,"href":"https:\/\/kleparz.misjonarze.pl\/index.php\/wp-json\/wp\/v2\/tags?post=2037"}],"curies":[{"name":"wp","href":"https:\/\/api.w.org\/{rel}","templated":true}]}}