{"id":2031,"date":"2021-05-22T20:05:39","date_gmt":"2021-05-22T20:05:39","guid":{"rendered":"https:\/\/kleparz.misjonarze.pl\/index.php\/2021\/05\/22\/ogloszenia-duszpasterskie-uroczystosc-zeslania-ducha-swietego-23-05-2021r\/"},"modified":"2021-05-22T20:05:39","modified_gmt":"2021-05-22T20:05:39","slug":"ogloszenia-duszpasterskie-uroczystosc-zeslania-ducha-swietego-23-05-2021r","status":"publish","type":"post","link":"https:\/\/kleparz.misjonarze.pl\/index.php\/2021\/05\/22\/ogloszenia-duszpasterskie-uroczystosc-zeslania-ducha-swietego-23-05-2021r\/","title":{"rendered":"Og\u0142oszenia  Duszpasterskie: Uroczysto\u015b\u0107 Zes\u0142ania Ducha \u015awi\u0119tego &#8211; 23.05.2021r."},"content":{"rendered":"<ol>\n<li>Dzisiejsza Uroczysto\u015b\u0107 w j\u0119zyku ludowym nazywana jest tak\u017ce w Polsce <strong>Zielonymi \u015awi\u0105tkami. <\/strong>To najstarsze \u015bwi\u0119to w Ko\u015bciele katolickim \u2013 obchodzono je bowiem ju\u017c w czasach apostolskich. <strong>Dzi\u015b mo\u017cna uzyska\u0107 odpust zupe\u0142ny <\/strong>za pobo\u017cne od\u015bpiewanie b\u0105d\u017a recytacj\u0119 hymnu: ,, <strong>O Stworzycielu Duchu przyjd\u017a\u2026\u201d. <\/strong><\/li>\n<li>Rodzina Wincenty\u0144ska wspomina dzisiaj \u015bw. Joann\u0119 Antyd\u0119 Thouret.<\/li>\n<li>W poniedzia\u0142ek <strong>drugi dzie\u0144 Zielonych \u015awi\u0105t. Jest to \u015awi\u0119to Naj\u015bwi\u0119tszej Maryi Panny \u2013 Matki Ko\u015bcio\u0142a.<\/strong> Uroczyste Msze \u015bw. odprawimy o godzinie: <strong>8<sup>00<\/sup><\/strong>; <strong>9<sup>00<\/sup> i 17<sup>30<\/sup>.<\/strong><\/li>\n<li>Nabo\u017ce\u0144stwa majowe odprawiamy zawsze po Mszy \u015bw. wieczornej.<\/li>\n<li>W liturgii tygodnia w \u015brod\u0119 wspomnienie \u015bw.Filipa Nereusza, prezbitera; w czwartek \u015bwi\u0119to Jezusa Chrystusa Najwy\u017cszego i wiecznego Kap\u0142ana; w sobot\u0119 wspomnienie \u015bw. Urszuli Led\u00f3chowskiej, dziewicy.<\/li>\n<li><strong>W \u015brod\u0119 26 maja <\/strong>\u2013 przypada <strong>Dzie\u0144 Matki<\/strong>. W tym dniu pami\u0119tajmy o modlitwie za nasze Mamy; dla \u017cyj\u0105cych\u00a0 &#8211; pro\u015bmy o zdrowie i Bo\u017ce b\u0142ogos\u0142awie\u0144stwo, a dla zmar\u0142ych \u2013\u00a0 o dar nieba<\/li>\n<li>Spowied\u017a w naszym ko\u015bciele w dni powszednie 30 &#8211; 9.30\u00a0\u00a0 i\u00a0 17.00 &#8211; 18.00, w niedziel\u0119\u00a0 30 minut przed ka\u017cd\u0105\u00a0 Msz\u0105 \u015bw.<\/li>\n<li>W przysz\u0142\u0105 niedziel\u0119<strong> \u2013 30 maja &#8211; obchodzi\u0107 b\u0119dziemy UROCZYSTO\u015a\u0106 NAJ\u015aWI\u0118TSZEJ TR\u00d3JCY. <\/strong>W Archidiecezji Krakowskiej ko\u0144czy si\u0119 okres spowiedzi i Komunii \u015bw. wielkanocnej.<\/li>\n<\/ol>\n","protected":false},"excerpt":{"rendered":"<p>Dzisiejsza Uroczysto\u015b\u0107 w j\u0119zyku ludowym nazywana jest tak\u017ce w Polsce Zielonymi \u015awi\u0105tkami. To najstarsze \u015bwi\u0119to w Ko\u015bciele katolickim \u2013 obchodzono<\/p>\n","protected":false},"author":1,"featured_media":759,"comment_status":"closed","ping_status":"closed","sticky":false,"template":"","format":"standard","meta":{"colormag_page_container_layout":"default_layout","colormag_page_sidebar_layout":"default_layout","footnotes":""},"categories":[6],"tags":[],"class_list":["post-2031","post","type-post","status-publish","format-standard","has-post-thumbnail","hentry","category-ogloszenia"],"_links":{"self":[{"href":"https:\/\/kleparz.misjonarze.pl\/index.php\/wp-json\/wp\/v2\/posts\/2031","targetHints":{"allow":["GET"]}}],"collection":[{"href":"https:\/\/kleparz.misjonarze.pl\/index.php\/wp-json\/wp\/v2\/posts"}],"about":[{"href":"https:\/\/kleparz.misjonarze.pl\/index.php\/wp-json\/wp\/v2\/types\/post"}],"author":[{"embeddable":true,"href":"https:\/\/kleparz.misjonarze.pl\/index.php\/wp-json\/wp\/v2\/users\/1"}],"replies":[{"embeddable":true,"href":"https:\/\/kleparz.misjonarze.pl\/index.php\/wp-json\/wp\/v2\/comments?post=2031"}],"version-history":[{"count":0,"href":"https:\/\/kleparz.misjonarze.pl\/index.php\/wp-json\/wp\/v2\/posts\/2031\/revisions"}],"wp:featuredmedia":[{"embeddable":true,"href":"https:\/\/kleparz.misjonarze.pl\/index.php\/wp-json\/wp\/v2\/media\/759"}],"wp:attachment":[{"href":"https:\/\/kleparz.misjonarze.pl\/index.php\/wp-json\/wp\/v2\/media?parent=2031"}],"wp:term":[{"taxonomy":"category","embeddable":true,"href":"https:\/\/kleparz.misjonarze.pl\/index.php\/wp-json\/wp\/v2\/categories?post=2031"},{"taxonomy":"post_tag","embeddable":true,"href":"https:\/\/kleparz.misjonarze.pl\/index.php\/wp-json\/wp\/v2\/tags?post=2031"}],"curies":[{"name":"wp","href":"https:\/\/api.w.org\/{rel}","templated":true}]}}