{"id":2021,"date":"2021-05-18T06:08:09","date_gmt":"2021-05-18T06:08:09","guid":{"rendered":"https:\/\/kleparz.misjonarze.pl\/index.php\/2021\/05\/18\/ogloszenia-duszpasterskie-vii-niedziela-wielkanocna-16-05-2021r\/"},"modified":"2021-05-18T06:08:09","modified_gmt":"2021-05-18T06:08:09","slug":"ogloszenia-duszpasterskie-vii-niedziela-wielkanocna-16-05-2021r","status":"publish","type":"post","link":"https:\/\/kleparz.misjonarze.pl\/index.php\/2021\/05\/18\/ogloszenia-duszpasterskie-vii-niedziela-wielkanocna-16-05-2021r\/","title":{"rendered":"Og\u0142oszenia Duszpasterskie: VII Niedziela Wielkanocna &#8211; 16.05.2021r."},"content":{"rendered":"<ol>\n<li>Dzi\u015b przypada \u015bwi\u0119to \u015bw. Andrzeja Boboli, prezbitera i m\u0119czennika.<\/li>\n<li>W poniedzia\u0142ek rozpoczyna si\u0119 septenna przed uroczysto\u015bci\u0105 Zes\u0142ania Ducha \u015bwi\u0119tego<\/li>\n<li>We wtorek 18 maja przypada 101 rocznica urodzin <strong>\u015bw. Jana Paw\u0142a Wielkiego. <\/strong><\/li>\n<li>W liturgii tygodnia: w czwartek liturgiczne wspomnienie <strong>\u015bw. Bernardyna ze Sieny,<\/strong> prezbitera<strong>; <\/strong>w pi\u0105tek wspomnienie <strong>\u015bw. Jana Nepomucena, prezbitera i m\u0119czennika; <\/strong>w sobot\u0119 wspomnienie<strong> \u015bw. Rity z Cassia, zakonnicy; <\/strong><\/li>\n<li>Wczoraj w ko\u015bciele seminaryjnym Ksi\u0119\u017cy Misjonarzy na Stradomiu, odby\u0142a \u00a0si\u0119 uroczysto\u015b\u0107 \u015bwi\u0119ce\u0144 Prezbiteratu i Diakonatu. Czterej neoprezbiterzy \u00a0 Micha\u0142 Adamczyk, \u0141ukasz J\u0119dra, Wojciech Kaczmarek i Hubert Kowalewski odprawi\u0105 w naszym ko\u015bciele Msze \u015bw. prymicyjn\u0105 w \u015brod\u0119 19 maja o godzinie 17.30.<\/li>\n<li>Spowied\u017a w naszym ko\u015bciele w dni powszednie 30 &#8211; 9.30\u00a0\u00a0 i \u00a017.00 -18.00. W niedziel\u0119 30 minut przed ka\u017cd\u0105\u00a0 Msz\u0105 \u015bw.<\/li>\n<li>Trwajmy na codziennej b\u0142agalnej modlitwie r\u00f3\u017ca\u0144cowej w naszych domach o 20.30 o wygaszenie pandemii koronawirusa i o dobr\u0105 pogod\u0119, by nie zabrak\u0142o codziennego chleba. M\u00f3dlmy si\u0119 r\u00f3wnie\u017c za nasz\u0105 Ojczyzn\u0119 o dalszy jej pomy\u015blny rozw\u00f3j.<\/li>\n<li>Przysz\u0142a niedziela to Uroczysto\u015b\u0107 Zes\u0142ania Ducha \u015awi\u0119tego ko\u0144cz\u0105ca okres wielkanocny.<\/li>\n<\/ol>\n","protected":false},"excerpt":{"rendered":"<p>Dzi\u015b przypada \u015bwi\u0119to \u015bw. Andrzeja Boboli, prezbitera i m\u0119czennika. W poniedzia\u0142ek rozpoczyna si\u0119 septenna przed uroczysto\u015bci\u0105 Zes\u0142ania Ducha \u015bwi\u0119tego We<\/p>\n","protected":false},"author":1,"featured_media":1933,"comment_status":"closed","ping_status":"closed","sticky":false,"template":"","format":"standard","meta":{"colormag_page_container_layout":"default_layout","colormag_page_sidebar_layout":"default_layout","footnotes":""},"categories":[6],"tags":[],"class_list":["post-2021","post","type-post","status-publish","format-standard","has-post-thumbnail","hentry","category-ogloszenia"],"_links":{"self":[{"href":"https:\/\/kleparz.misjonarze.pl\/index.php\/wp-json\/wp\/v2\/posts\/2021","targetHints":{"allow":["GET"]}}],"collection":[{"href":"https:\/\/kleparz.misjonarze.pl\/index.php\/wp-json\/wp\/v2\/posts"}],"about":[{"href":"https:\/\/kleparz.misjonarze.pl\/index.php\/wp-json\/wp\/v2\/types\/post"}],"author":[{"embeddable":true,"href":"https:\/\/kleparz.misjonarze.pl\/index.php\/wp-json\/wp\/v2\/users\/1"}],"replies":[{"embeddable":true,"href":"https:\/\/kleparz.misjonarze.pl\/index.php\/wp-json\/wp\/v2\/comments?post=2021"}],"version-history":[{"count":0,"href":"https:\/\/kleparz.misjonarze.pl\/index.php\/wp-json\/wp\/v2\/posts\/2021\/revisions"}],"wp:featuredmedia":[{"embeddable":true,"href":"https:\/\/kleparz.misjonarze.pl\/index.php\/wp-json\/wp\/v2\/media\/1933"}],"wp:attachment":[{"href":"https:\/\/kleparz.misjonarze.pl\/index.php\/wp-json\/wp\/v2\/media?parent=2021"}],"wp:term":[{"taxonomy":"category","embeddable":true,"href":"https:\/\/kleparz.misjonarze.pl\/index.php\/wp-json\/wp\/v2\/categories?post=2021"},{"taxonomy":"post_tag","embeddable":true,"href":"https:\/\/kleparz.misjonarze.pl\/index.php\/wp-json\/wp\/v2\/tags?post=2021"}],"curies":[{"name":"wp","href":"https:\/\/api.w.org\/{rel}","templated":true}]}}