{"id":2015,"date":"2021-05-09T12:49:20","date_gmt":"2021-05-09T12:49:20","guid":{"rendered":"https:\/\/kleparz.misjonarze.pl\/index.php\/2021\/05\/09\/ogloszenia-duszpasterskie-vi-niedziela-wielkanocna-9-05-2021r\/"},"modified":"2021-05-09T12:49:20","modified_gmt":"2021-05-09T12:49:20","slug":"ogloszenia-duszpasterskie-vi-niedziela-wielkanocna-9-05-2021r","status":"publish","type":"post","link":"https:\/\/kleparz.misjonarze.pl\/index.php\/2021\/05\/09\/ogloszenia-duszpasterskie-vi-niedziela-wielkanocna-9-05-2021r\/","title":{"rendered":"Og\u0142oszenia Duszpasterskie: VI Niedziela Wielkanocna &#8211; 9.05.2021r."},"content":{"rendered":"<ol>\n<li>W poniedzia\u0142ek, wtorek i \u015brod\u0119 przypadaj\u0105 dni modlitw o urodzaje i za kraje g\u0142oduj\u0105ce. Obejmijmy na miar\u0119 naszych mo\u017cliwo\u015bci ludzi g\u0142oduj\u0105cych modlitw\u0105 i pomoc\u0105 materialn\u0105.<\/li>\n<li>W liturgii tygodnia: w poniedzia\u0142ek Uroczysto\u015b\u0107 \u015bw. Ludwiki de Marillac, wsp\u00f3\u0142za\u0142o\u017cycielki Zgromadzenia Si\u00f3str Mi\u0142osierdzia<strong>. <\/strong>W tym dniu otoczmy Siostry Mi\u0142osierdzia, kt\u00f3re pos\u0142uguj\u0105 r\u00f3wnie\u017c w naszym Domu i ko\u015bciele, szczeg\u00f3ln\u0105 modlitw\u0105. Wypraszajmy Siostrom potrzebne Bo\u017ce b\u0142ogos\u0142awie\u0144stwo w realizacji charyzmatu Zgromadzenia i \u0142ask\u0119 nowych powo\u0142a\u0144; w czwartek 13 maja wspomnienie Naj\u015bwi\u0119tszej\u00a0\u00a0 Maryi\u00a0 Panny\u00a0 z Fatimy; w pi\u0105tek \u015bwi\u0119to \u015bw. Macieja aposto\u0142a; w sobot\u0119 wspomnienie B\u0142ogos\u0142awionej Zofii Czeskiej zakonnicy, za\u0142o\u017cycielki Si\u00f3str Prezentek.<\/li>\n<li>We wtorek 11-go\u00a0 maja o godzinie 15<sup>00<\/sup> w naszym ko\u015bciele\u00a0 MSZA\u00a0 \u015a w kaplicy Matki Bo\u017cej Lourde\u0144skiej przy s\u0142yn\u0105cej \u0141askami Figurze w intencji chorych i cierpi\u0105cych<strong>. <\/strong>W <em>Godzinie Mi\u0142osierdzia<\/em> odm\u00f3wimy najpierw Koronk\u0119\u00a0\u00a0 do Bo\u017cego Mi\u0142osierdzia. Podczas Mszy \u015bw. b\u0119dzie mo\u017cliwo\u015b\u0107 przyj\u0119cia Sakramentu Chorych.<\/li>\n<li>W sobot\u0119 15 maja w ko\u015bciele seminaryjnym Ksi\u0119\u017cy Misjonarzy na Stradomiu, odb\u0119dzie si\u0119 uroczysto\u015b\u0107 \u015bwi\u0119ce\u0144 Prezbiteratu i Diakonatu. Uroczysto\u015bci przewodniczy\u0107 b\u0119dzie Ks. biskup, Robert Chrz\u0105szcz. Liturgia b\u0119dzie transmitowana\u00a0 za po\u015brednictwem Internetu na youtube. Kandydat\u00f3w do \u015bwi\u0119ce\u0144 ze Zgromadzenia Misji, odprawiaj\u0105cych aktualnie rekolekcje, polecamy modlitwie wiernych.<\/li>\n<li>Zach\u0119camy do udzia\u0142u w nabo\u017ce\u0144stwach majowych<strong>,<\/strong> kt\u00f3re sprawujemy w dni powszednie codziennie o godzinie 18.00 a w niedziel\u0119 o 17.15. W pi\u0105tek rozpoczniemy Nowenn\u0119 przed Uroczysto\u015bci\u0105 Zes\u0142ania Ducha \u015awi\u0119tego.<\/li>\n<li>Spowied\u017a w naszym ko\u015bciele w dni powszednie 30 &#8211; 9.30\u00a0\u00a0 i\u00a0 17.00 -18.00. W niedziel\u0119 30 minut przed ka\u017cd\u0105\u00a0 Msz\u0105 \u015bw.<\/li>\n<li>Przysz\u0142a niedziela to Uroczysto\u015b\u0107 Wniebowst\u0105pienia Pa\u0144skiego.<\/li>\n<\/ol>\n","protected":false},"excerpt":{"rendered":"<p>W poniedzia\u0142ek, wtorek i \u015brod\u0119 przypadaj\u0105 dni modlitw o urodzaje i za kraje g\u0142oduj\u0105ce. Obejmijmy na miar\u0119 naszych mo\u017cliwo\u015bci ludzi<\/p>\n","protected":false},"author":1,"featured_media":1609,"comment_status":"closed","ping_status":"closed","sticky":false,"template":"","format":"standard","meta":{"colormag_page_container_layout":"default_layout","colormag_page_sidebar_layout":"default_layout","footnotes":""},"categories":[6],"tags":[],"class_list":["post-2015","post","type-post","status-publish","format-standard","has-post-thumbnail","hentry","category-ogloszenia"],"_links":{"self":[{"href":"https:\/\/kleparz.misjonarze.pl\/index.php\/wp-json\/wp\/v2\/posts\/2015","targetHints":{"allow":["GET"]}}],"collection":[{"href":"https:\/\/kleparz.misjonarze.pl\/index.php\/wp-json\/wp\/v2\/posts"}],"about":[{"href":"https:\/\/kleparz.misjonarze.pl\/index.php\/wp-json\/wp\/v2\/types\/post"}],"author":[{"embeddable":true,"href":"https:\/\/kleparz.misjonarze.pl\/index.php\/wp-json\/wp\/v2\/users\/1"}],"replies":[{"embeddable":true,"href":"https:\/\/kleparz.misjonarze.pl\/index.php\/wp-json\/wp\/v2\/comments?post=2015"}],"version-history":[{"count":0,"href":"https:\/\/kleparz.misjonarze.pl\/index.php\/wp-json\/wp\/v2\/posts\/2015\/revisions"}],"wp:featuredmedia":[{"embeddable":true,"href":"https:\/\/kleparz.misjonarze.pl\/index.php\/wp-json\/wp\/v2\/media\/1609"}],"wp:attachment":[{"href":"https:\/\/kleparz.misjonarze.pl\/index.php\/wp-json\/wp\/v2\/media?parent=2015"}],"wp:term":[{"taxonomy":"category","embeddable":true,"href":"https:\/\/kleparz.misjonarze.pl\/index.php\/wp-json\/wp\/v2\/categories?post=2015"},{"taxonomy":"post_tag","embeddable":true,"href":"https:\/\/kleparz.misjonarze.pl\/index.php\/wp-json\/wp\/v2\/tags?post=2015"}],"curies":[{"name":"wp","href":"https:\/\/api.w.org\/{rel}","templated":true}]}}