{"id":2010,"date":"2021-05-02T09:00:14","date_gmt":"2021-05-02T09:00:14","guid":{"rendered":"https:\/\/kleparz.misjonarze.pl\/index.php\/2021\/05\/02\/ogloszenia-duszpasterskie-v-niedziela-wielkanocna-2-05-2021r\/"},"modified":"2021-05-02T09:00:14","modified_gmt":"2021-05-02T09:00:14","slug":"ogloszenia-duszpasterskie-v-niedziela-wielkanocna-2-05-2021r","status":"publish","type":"post","link":"https:\/\/kleparz.misjonarze.pl\/index.php\/2021\/05\/02\/ogloszenia-duszpasterskie-v-niedziela-wielkanocna-2-05-2021r\/","title":{"rendered":"Og\u0142oszenia Duszpasterskie: V Niedziela Wielkanocna &#8211; 2.05.2021r."},"content":{"rendered":"<ol>\n<li>Dzisiaj przypada liturgiczne wspomnienie \u015bw. Atanazego, biskupa i doktora Ko\u015bcio\u0142a.<\/li>\n<li><strong>W poniedzia\u0142ek \u2013 3 maja &#8211; przypada<\/strong> <strong>UROCZYSTO\u015a\u0106 NAJ\u015aWI\u0118TSZEJ\u00a0 MARYI PANNY\u00a0 KR\u00d3LOWEJ\u00a0 POLSKI, g\u0142\u00f3wnej Patronki Polski.<\/strong> Msze \u015bw. w naszym ko\u015bciele odprawimy wed\u0142ug porz\u0105dku niedzielnego W tym dniu na ka\u017cdej Mszy \u015bw. odnowimy \u015aluby Jasnog\u00f3rskie.<\/li>\n<li><strong>We wtorek \u2013 4 maja \u2013 obchodzimy \u015awi\u0119to \u015bw. Floriana, m\u0119czennika, patrona naszej parafii i miasta Krakowa.<\/strong><\/li>\n<li>W \u015brod\u0119 wspomnienie \u015bw. Stanis\u0142awa KAZIMIERCZYKA, kap\u0142ana.<\/li>\n<li><strong>W czwartek \u2013 6 maja \u2013 \u015aWI\u0118TO \u015aWI\u0118TYCH\u00a0 APOSTO\u0141\u00d3W\u00a0\u00a0 FILIPA i JAKUBA.<\/strong><\/li>\n<li><strong>Nabo\u017ce\u0144stwa majowe w naszym ko\u015bciele odprawiamy <\/strong>w niedziele o godz.<strong>17<sup>15 <\/sup><\/strong>w dni powszednie o godz.<strong>18<sup>00<\/sup>.<\/strong> Zapraszamy do wsp\u00f3lnej modlitwy.<\/li>\n<li><strong>W sobot\u0119 \u2013 8 maja<\/strong> <strong>\u2013 UROCZYSTO\u015a\u0106 \u015aW. STANIS\u0141AWA, BISKUPA i M\u0118CZENNIKA \u2013<\/strong> <strong>g\u0142\u00f3wnego patrona Polski i archidiecezji krakowskiej. <\/strong>Uroczysta Msza \u015bw. w naszym ko\u015bciele\u00a0 o godz. <strong>9<sup>00<\/sup>.<\/strong><\/li>\n<li><strong>W przysz\u0142\u0105 niedziel\u0119 \u2013 9 maja \u2013 przypada\u0142aby Uroczysto\u015b\u0107 \u015bw. Ludwiki de Marillac, wsp\u00f3\u0142za\u0142o\u017cycielki Zgromadzenia Si\u00f3str Mi\u0142osierdzia. Ze wzgl\u0119du na niedziel\u0119 uroczysto\u015b\u0107 jest przeniesiona na poniedzia\u0142ek. <\/strong>W tym dniu otoczmy Siostry Mi\u0142osierdzia, kt\u00f3re pos\u0142uguj\u0105 r\u00f3wnie\u017c w naszym Domu i ko\u015bciele, szczeg\u00f3ln\u0105 modlitw\u0105. Wypraszajmy Siostrom potrzebne Bo\u017ce b\u0142ogos\u0142awie\u0144stwo w realizacji charyzmatu Zgromadzenia i \u0142ask\u0119 nowych powo\u0142a\u0144.<\/li>\n<\/ol>\n","protected":false},"excerpt":{"rendered":"<p>Dzisiaj przypada liturgiczne wspomnienie \u015bw. Atanazego, biskupa i doktora Ko\u015bcio\u0142a. W poniedzia\u0142ek \u2013 3 maja &#8211; przypada UROCZYSTO\u015a\u0106 NAJ\u015aWI\u0118TSZEJ\u00a0 MARYI<\/p>\n","protected":false},"author":1,"featured_media":1394,"comment_status":"closed","ping_status":"closed","sticky":false,"template":"","format":"standard","meta":{"colormag_page_container_layout":"default_layout","colormag_page_sidebar_layout":"default_layout","footnotes":""},"categories":[6],"tags":[],"class_list":["post-2010","post","type-post","status-publish","format-standard","has-post-thumbnail","hentry","category-ogloszenia"],"_links":{"self":[{"href":"https:\/\/kleparz.misjonarze.pl\/index.php\/wp-json\/wp\/v2\/posts\/2010","targetHints":{"allow":["GET"]}}],"collection":[{"href":"https:\/\/kleparz.misjonarze.pl\/index.php\/wp-json\/wp\/v2\/posts"}],"about":[{"href":"https:\/\/kleparz.misjonarze.pl\/index.php\/wp-json\/wp\/v2\/types\/post"}],"author":[{"embeddable":true,"href":"https:\/\/kleparz.misjonarze.pl\/index.php\/wp-json\/wp\/v2\/users\/1"}],"replies":[{"embeddable":true,"href":"https:\/\/kleparz.misjonarze.pl\/index.php\/wp-json\/wp\/v2\/comments?post=2010"}],"version-history":[{"count":0,"href":"https:\/\/kleparz.misjonarze.pl\/index.php\/wp-json\/wp\/v2\/posts\/2010\/revisions"}],"wp:featuredmedia":[{"embeddable":true,"href":"https:\/\/kleparz.misjonarze.pl\/index.php\/wp-json\/wp\/v2\/media\/1394"}],"wp:attachment":[{"href":"https:\/\/kleparz.misjonarze.pl\/index.php\/wp-json\/wp\/v2\/media?parent=2010"}],"wp:term":[{"taxonomy":"category","embeddable":true,"href":"https:\/\/kleparz.misjonarze.pl\/index.php\/wp-json\/wp\/v2\/categories?post=2010"},{"taxonomy":"post_tag","embeddable":true,"href":"https:\/\/kleparz.misjonarze.pl\/index.php\/wp-json\/wp\/v2\/tags?post=2010"}],"curies":[{"name":"wp","href":"https:\/\/api.w.org\/{rel}","templated":true}]}}