{"id":2005,"date":"2021-04-25T18:56:59","date_gmt":"2021-04-25T18:56:59","guid":{"rendered":"https:\/\/kleparz.misjonarze.pl\/index.php\/2021\/04\/25\/ogloszenia-duszpasterskie-iv-niedziela-wielkanocna-25-04-2021r\/"},"modified":"2021-04-25T18:56:59","modified_gmt":"2021-04-25T18:56:59","slug":"ogloszenia-duszpasterskie-iv-niedziela-wielkanocna-25-04-2021r","status":"publish","type":"post","link":"https:\/\/kleparz.misjonarze.pl\/index.php\/2021\/04\/25\/ogloszenia-duszpasterskie-iv-niedziela-wielkanocna-25-04-2021r\/","title":{"rendered":"Og\u0142oszenia Duszpasterskie: IV Niedziela Wielkanocna &#8211; 25.04.2021r."},"content":{"rendered":"<ol>\n<li>Dzisiejsza, czwarta Niedziela Wielkanocna, jest <em>\u015awiatowym Dniem Modlitw o Powo\u0142ania.<\/em> Rozpoczyna si\u0119 te\u017c 58 Tydzie\u0144 Modlitw o Powo\u0142ania. Trzeba nam ci\u0105gle prosi\u0107 Jezusa Chrystusa, Dobrego Pasterza, aby nigdy nie zabrak\u0142o nowych powo\u0142a\u0144 kap\u0142a\u0144skich, zakonnych i misyjnych, gotowych podj\u0105\u0107 trudne zadania wobec wsp\u00f3\u0142czesnego \u015bwiata. W tej intencji b\u0119dziemy modli\u0107 si\u0119 przez ca\u0142y tydzie\u0144 w czasie Mszy \u015bwi\u0119tych i nabo\u017ce\u0144stw wieczornych. Dzisiaj przypada \u015bwi\u0119to \u015bw. Marka ewangelisty. Jest to dzie\u0144 imienin Jego Ekscelencji Ks. abpa Marka J\u0119draszewskiego, metropolity krakowskiego.<\/li>\n<li>Dzisiejsza niedziela jest te\u017c og\u00f3lnopolskim Dniem modlitw za kierowc\u00f3w.<\/li>\n<li>W liturgii w rozpoczynaj\u0105cym si\u0119 tygodniu : w poniedzia\u0142ek przeniesienie relikwii \u015bw. Wincentego a Paulo; w czwartek \u015bwi\u0119to \u015bw. Katarzyny Siene\u0144skiej, dziewicy i doktora Ko\u015bcio\u0142a, patronki\u00a0 Europy. W tym dniu\u00a0 rozpoczyna si\u0119 nowenna przed uroczysto\u015bci\u0105 \u015bw. Stanis\u0142awa, biskupa i m\u0119czennika; w sobot\u0119 1 &#8211; maja wspomnienie \u015bw. J\u00f3zefa, rzemie\u015blnika.<\/li>\n<li>W pi\u0105tek po wieczornej Mszy \u015bwi\u0119tej o godz.17<sup>30<\/sup> odprawimy pierwsze nabo\u017ce\u0144stwo majowe ku czci Naj\u015bwi\u0119tszej Maryi Panny. Nabo\u017ce\u0144stwa majowe w naszym ko\u015bciele b\u0119dziemy odprawiali przez ca\u0142y miesi\u0105c maj po Mszy \u015bw. popo\u0142udniowej<strong>. <\/strong><\/li>\n<li>W tym tygodniu przypada pierwsza sobota miesi\u0105ca. Po Mszy \u015bw. o godzinie 9.00 okoliczno\u015bciowe nabo\u017ce\u0144stwo wynagradzaj\u0105ce Niepokalanemu Sercu Maryi. Okazja do spowiedzi codziennie od 5.30 do 9.30 i od 17.00 do 18.00.<\/li>\n<li>Beatyfikacja S\u0142ugi Bo\u017cego Ks. Kardyna\u0142a Stefana Wyszy\u0144skiego odb\u0119dzie si\u0119 12 wrze\u015bnia bie\u017c\u0105cego roku w Warszawie.<\/li>\n<li>Polecamy Bo\u017cemu Mi\u0142osierdziu naszych zmar\u0142ych, szczeg\u00f3lnie tych, kt\u00f3rzy odeszli do Domu Ojca z powodu zara\u017cenia koronawirusem.<\/li>\n<\/ol>\n","protected":false},"excerpt":{"rendered":"<p>Dzisiejsza, czwarta Niedziela Wielkanocna, jest \u015awiatowym Dniem Modlitw o Powo\u0142ania. Rozpoczyna si\u0119 te\u017c 58 Tydzie\u0144 Modlitw o Powo\u0142ania. Trzeba nam<\/p>\n","protected":false},"author":1,"featured_media":1609,"comment_status":"closed","ping_status":"closed","sticky":false,"template":"","format":"standard","meta":{"colormag_page_container_layout":"default_layout","colormag_page_sidebar_layout":"default_layout","footnotes":""},"categories":[6],"tags":[],"class_list":["post-2005","post","type-post","status-publish","format-standard","has-post-thumbnail","hentry","category-ogloszenia"],"_links":{"self":[{"href":"https:\/\/kleparz.misjonarze.pl\/index.php\/wp-json\/wp\/v2\/posts\/2005","targetHints":{"allow":["GET"]}}],"collection":[{"href":"https:\/\/kleparz.misjonarze.pl\/index.php\/wp-json\/wp\/v2\/posts"}],"about":[{"href":"https:\/\/kleparz.misjonarze.pl\/index.php\/wp-json\/wp\/v2\/types\/post"}],"author":[{"embeddable":true,"href":"https:\/\/kleparz.misjonarze.pl\/index.php\/wp-json\/wp\/v2\/users\/1"}],"replies":[{"embeddable":true,"href":"https:\/\/kleparz.misjonarze.pl\/index.php\/wp-json\/wp\/v2\/comments?post=2005"}],"version-history":[{"count":0,"href":"https:\/\/kleparz.misjonarze.pl\/index.php\/wp-json\/wp\/v2\/posts\/2005\/revisions"}],"wp:featuredmedia":[{"embeddable":true,"href":"https:\/\/kleparz.misjonarze.pl\/index.php\/wp-json\/wp\/v2\/media\/1609"}],"wp:attachment":[{"href":"https:\/\/kleparz.misjonarze.pl\/index.php\/wp-json\/wp\/v2\/media?parent=2005"}],"wp:term":[{"taxonomy":"category","embeddable":true,"href":"https:\/\/kleparz.misjonarze.pl\/index.php\/wp-json\/wp\/v2\/categories?post=2005"},{"taxonomy":"post_tag","embeddable":true,"href":"https:\/\/kleparz.misjonarze.pl\/index.php\/wp-json\/wp\/v2\/tags?post=2005"}],"curies":[{"name":"wp","href":"https:\/\/api.w.org\/{rel}","templated":true}]}}