{"id":1810,"date":"2020-11-01T08:35:52","date_gmt":"2020-11-01T08:35:52","guid":{"rendered":"https:\/\/kleparz.misjonarze.pl\/index.php\/2020\/11\/01\/ogloszenia-duszpasterskie-uroczystosc-wszystkich-swietych-01-11-2020r\/"},"modified":"2020-11-01T08:35:52","modified_gmt":"2020-11-01T08:35:52","slug":"ogloszenia-duszpasterskie-uroczystosc-wszystkich-swietych-01-11-2020r","status":"publish","type":"post","link":"https:\/\/kleparz.misjonarze.pl\/index.php\/2020\/11\/01\/ogloszenia-duszpasterskie-uroczystosc-wszystkich-swietych-01-11-2020r\/","title":{"rendered":"Og\u0142oszenia Duszpasterskie: Uroczysto\u015b\u0107 Wszystkich \u015awi\u0119tych 01.11.2020r."},"content":{"rendered":"<ol>\n<li>W dniu dzisiejszym w <strong>Uroczysto\u015b\u0107 Wszystkich \u015awi\u0119tych<\/strong> o godzinie 15.00 odm\u00f3wimy Koronk\u0119 do Bo\u017cego Mi\u0142osierdzia i pomodlimy si\u0119 za zmar\u0142ych.<\/li>\n<li><strong>Jutro \u2013 2 listopada \u2013 przypada Wspomnienie Wszystkich Wiernych Zmar\u0142ych \u2013 Dzie\u0144 Zaduszny. <\/strong>W szczeg\u00f3lny spos\u00f3b modli\u0107 si\u0119 b\u0119dziemy o Mi\u0142osierdzie Bo\u017ce dla naszych zmar\u0142ych, przebywaj\u0105cych <strong>w czy\u015b\u0107cu<\/strong>. Najwi\u0119kszym i najpi\u0119kniejszym darem dla zmar\u0142ych jest dar naszej modlitwy i Ofiary Mszy \u015bwi\u0119tej. Od 2 listopada do 10 listopada w intencji wszystkich zmar\u0142ych polecanych w tegorocznych wypominkach w naszym ko\u015bciele, b\u0119dziemy odprawia\u0107 wieczorn\u0105 Msz\u0119 \u015bw. o<strong> <u>godzinie 17.30.\u00a0\u00a0 <\/u><\/strong><\/li>\n<li><strong>Zach\u0119camy do zyskiwania i ofiarowania odpust\u00f3w za naszych drogich zmar\u0142ych. Przepisy o Odpustach za zmar\u0142ych s\u0105 nast\u0119puj\u0105ce: Wierni, kt\u00f3rzy nawiedz\u0105 ko\u015bci\u00f3\u0142 lub kaplic\u0119 publiczn\u0105 dzi\u015b i jutro<\/strong> mog\u0105 dost\u0105pi\u0107 odpustu zupe\u0142nego, kt\u00f3ry mo\u017ce by\u0107 ofiarowany tylko za zmar\u0142ych. Wed\u0142ug obowi\u0105zuj\u0105cych przepis\u00f3w mo\u017cna ten odpust zyska\u0107 tylko jeden raz w ci\u0105gu dnia. W czasie nawiedzenia \u015bwi\u0105tyni nale\u017cy odm\u00f3wi\u0107 <em>Ojcze Nasz i Wierz\u0119 <\/em>oraz trzeba wype\u0142ni\u0107 inne warunki, jak spowied\u017a sakramentalna, Komunia \u015bw. i modlitwa wed\u0142ug intencji Ojca \u015bwi\u0119tego. <strong>Wierni, kt\u00f3rzy pobo\u017cnie nawiedz\u0105 cmentarz<\/strong> i przynajmniej w my\u015bli pomodl\u0105 si\u0119 za zmar\u0142ych, zyskuj\u0105\u00a0 odpust, kt\u00f3ry mo\u017ce by\u0107 ofiarowany za dusze w czy\u015b\u0107cu cierpi\u0105ce; odpust ten w bie\u017c\u0105cym przez ca\u0142y miesi\u0105c listopad (pocz\u0105wszy od 3 listopada) jest zupe\u0142ny w inne dni roku \u2013 cz\u0105stkowy.<\/li>\n<li><strong>Wypominki za zmar\u0142ych<\/strong> mo\u017cna sk\u0142ada\u0107 do skarbony obok o\u0142tarza \u015bw. Antoniego. Za polecanych zmar\u0142ych b\u0119dziemy modli\u0107 si\u0119 wsp\u00f3lnie podczas nabo\u017ce\u0144stw wieczornych przez ca\u0142y miesi\u0105c listopad.<br \/>\n<strong>Na furcie naszego domu przyjmujemy wypominki roczne<\/strong>. Za tych zmar\u0142ych modlimy si\u0119 podczas nabo\u017ce\u0144stw wieczornych we wszystkie czwartki, a w ka\u017cdy ostatni czwartek miesi\u0105ca odprawiamy Msz\u0119 \u015bwi\u0119t\u0105 o godz.17.30.\u00a0 Na furcie naszego domu mo\u017cna r\u00f3wnie\u017c zamawia\u0107\u00a0 Msze \u015bw. (dzi\u015b 1 listopada wyj\u0105tkowo furta nieczynna).<\/li>\n<li><strong>W tym tygodniu przypadaj\u0105 Dni Eucharystyczne: <\/strong>pierwszy czwartek, pi\u0105tek i sobota miesi\u0105ca. Po Mszach \u015bw.\u00a0 Msza \u015bwi\u0119ta o godzinie 9.00 okoliczno\u015bciowe nabo\u017ce\u0144stwa.<\/li>\n<li>W \u015brod\u0119 4 listopada<strong> \u2013 <\/strong>przypada w liturgii wspomnienie \u015bw. Karola Boromeusza, bpa.<\/li>\n<li>Zach\u0119camy do codziennej modlitwy o ustanie pandemii i pok\u00f3j w Ojczy\u017anie.<\/li>\n<li>Polecajmy Bo\u017cemu mi\u0142osierdziu wszystkich naszych zmar\u0142ych:<\/li>\n<\/ol>\n<p><em>Dobry Jezu a nasz Panie daj im wieczne spoczywanie !<\/em><\/p>\n","protected":false},"excerpt":{"rendered":"<p>W dniu dzisiejszym w Uroczysto\u015b\u0107 Wszystkich \u015awi\u0119tych o godzinie 15.00 odm\u00f3wimy Koronk\u0119 do Bo\u017cego Mi\u0142osierdzia i pomodlimy si\u0119 za zmar\u0142ych.<\/p>\n","protected":false},"author":1,"featured_media":1398,"comment_status":"closed","ping_status":"closed","sticky":false,"template":"","format":"standard","meta":{"colormag_page_container_layout":"default_layout","colormag_page_sidebar_layout":"default_layout","footnotes":""},"categories":[6],"tags":[],"class_list":["post-1810","post","type-post","status-publish","format-standard","has-post-thumbnail","hentry","category-ogloszenia"],"_links":{"self":[{"href":"https:\/\/kleparz.misjonarze.pl\/index.php\/wp-json\/wp\/v2\/posts\/1810","targetHints":{"allow":["GET"]}}],"collection":[{"href":"https:\/\/kleparz.misjonarze.pl\/index.php\/wp-json\/wp\/v2\/posts"}],"about":[{"href":"https:\/\/kleparz.misjonarze.pl\/index.php\/wp-json\/wp\/v2\/types\/post"}],"author":[{"embeddable":true,"href":"https:\/\/kleparz.misjonarze.pl\/index.php\/wp-json\/wp\/v2\/users\/1"}],"replies":[{"embeddable":true,"href":"https:\/\/kleparz.misjonarze.pl\/index.php\/wp-json\/wp\/v2\/comments?post=1810"}],"version-history":[{"count":0,"href":"https:\/\/kleparz.misjonarze.pl\/index.php\/wp-json\/wp\/v2\/posts\/1810\/revisions"}],"wp:featuredmedia":[{"embeddable":true,"href":"https:\/\/kleparz.misjonarze.pl\/index.php\/wp-json\/wp\/v2\/media\/1398"}],"wp:attachment":[{"href":"https:\/\/kleparz.misjonarze.pl\/index.php\/wp-json\/wp\/v2\/media?parent=1810"}],"wp:term":[{"taxonomy":"category","embeddable":true,"href":"https:\/\/kleparz.misjonarze.pl\/index.php\/wp-json\/wp\/v2\/categories?post=1810"},{"taxonomy":"post_tag","embeddable":true,"href":"https:\/\/kleparz.misjonarze.pl\/index.php\/wp-json\/wp\/v2\/tags?post=1810"}],"curies":[{"name":"wp","href":"https:\/\/api.w.org\/{rel}","templated":true}]}}