{"id":1804,"date":"2020-10-25T20:20:40","date_gmt":"2020-10-25T20:20:40","guid":{"rendered":"https:\/\/kleparz.misjonarze.pl\/index.php\/2020\/10\/25\/ogloszenia-duszpasterskie-xxx-niedziela-zwykla-rocznica-poswiecenia-kosciola-wlasnego-25-10-2020r\/"},"modified":"2020-10-25T20:20:40","modified_gmt":"2020-10-25T20:20:40","slug":"ogloszenia-duszpasterskie-xxx-niedziela-zwykla-rocznica-poswiecenia-kosciola-wlasnego-25-10-2020r","status":"publish","type":"post","link":"https:\/\/kleparz.misjonarze.pl\/index.php\/2020\/10\/25\/ogloszenia-duszpasterskie-xxx-niedziela-zwykla-rocznica-poswiecenia-kosciola-wlasnego-25-10-2020r\/","title":{"rendered":"Og\u0142oszenia Duszpasterskie: XXX Niedziela Zwyk\u0142a &#8211; Rocznica  Po\u015bwi\u0119cenia  Ko\u015bcio\u0142a W\u0142asnego &#8211; 25.10.2020r."},"content":{"rendered":"<ol>\n<li>Dzisiaj w ko\u015bcio\u0142ach, kt\u00f3re ju\u017c zosta\u0142y konsekrowane, obchodzona jest Uroczysto\u015b\u0107 Po\u015bwi\u0119cenia Ko\u015bcio\u0142a W\u0142asnego.<\/li>\n<li>W liturgii ko\u015bcio\u0142a w \u015brod\u0119 \u015awi\u0119to \u015awi\u0119tych Aposto\u0142\u00f3w Szymona i Judy Tadeusza.<\/li>\n<li>Nabo\u017ce\u0144stwa r\u00f3\u017ca\u0144cowe odprawiamy codziennie po wieczornej Mszy \u015bw.<\/li>\n<li>W\u00a0 przysz\u0142\u0105\u00a0 niedziel\u0119<strong> \u2013 1 listopada &#8211; <\/strong>\u00a0b\u0119dziemy obchodzili <strong>Uroczysto\u015b\u0107 Wszystkich \u015awi\u0119tych.<\/strong> W tym dniu uwielbiamy Boga wiek\u00f3w w Jego \u015awi\u0119tych &#8211; ludziach, kt\u00f3rzy przeszli przez \u017cycie wierni Bogu. Dla nas s\u0105 oni drogowskazami na drodze do wieczno\u015bci na radosne spotkanie z Ojcem w niebie.<\/li>\n<li>W przysz\u0142y poniedzia\u0142ek<strong> \u2013 2 listopada \u2013 przypada Wspomnienie Wszystkich Wiernych Zmar\u0142ych \u2013 Dzie\u0144 Zaduszny. <\/strong>W tym dniu w szczeg\u00f3lny spos\u00f3b modlimy si\u0119 o Mi\u0142osierdzie Bo\u017ce dla naszych zmar\u0142ych, przebywaj\u0105cych w czy\u015b\u0107cu. Pami\u0119tajmy, \u017ce najwi\u0119kszym i najpi\u0119kniejszym darem dla zmar\u0142ych jest dar naszej modlitwy\u00a0 i Ofiary Mszy \u015bwi\u0119tej. Od 2 listopada do 10 listopada w intencji wszystkich zmar\u0142ych, polecanych w tegorocznych wypominkach w naszym ko\u015bciele, b\u0119dziemy odprawia\u0107 wieczorn\u0105 Msz\u0119 \u015bw. o godz.17.30.<\/li>\n<li><strong>W tym roku nie tylko w dniach od 1 do 8 listopada mo\u017cna uzyska\u0107 odpust zupe\u0142ny ale przez ca\u0142y miesi\u0105c listopad i ofiarowa\u0107 go\u00a0 za zmar\u0142ych.<\/strong> Warunkiem jest nawiedzenie cmentarza i spe\u0142nienie wymaganych prawem warunk\u00f3w. S\u0105 nimi spowied\u017a sakramentalna, przyst\u0105pienie do Komunii \u015bwi\u0119tej i modlitwa wed\u0142ug intencji Ojca \u015awi\u0119tego oraz modlitwa za zmar\u0142ych. Zach\u0119camy do zyskiwania odpust\u00f3w za zmar\u0142ych.<\/li>\n<li><strong>Wypominki za zmar\u0142ych<\/strong> mo\u017cna sk\u0142ada\u0107 do skarbony obok o\u0142tarza\u00a0 \u015bw. Antoniego.\u00a0\u00a0\u00a0 Za polecanych zmar\u0142ych b\u0119dziemy modli\u0107 si\u0119 wsp\u00f3lnie podczas nabo\u017ce\u0144stw wieczornych przez ca\u0142y miesi\u0105c listopad.<br \/>\nNa furcie naszego domu przyjmujemy <strong>wypominki roczne.<\/strong> Za tych zmar\u0142ych modlimy si\u0119 podczas nabo\u017ce\u0144stw wieczornych we <strong>wszystkie czwartki<\/strong>, a w ka\u017cdy ostatni czwartek miesi\u0105ca odprawiamy Msz\u0119 \u015bwi\u0119t\u0105 o godz.17.30.<\/li>\n<\/ol>\n<p>Zach\u0119camy do codziennej modlitwy o ustanie pandemii.<\/p>\n","protected":false},"excerpt":{"rendered":"<p>Dzisiaj w ko\u015bcio\u0142ach, kt\u00f3re ju\u017c zosta\u0142y konsekrowane, obchodzona jest Uroczysto\u015b\u0107 Po\u015bwi\u0119cenia Ko\u015bcio\u0142a W\u0142asnego. W liturgii ko\u015bcio\u0142a w \u015brod\u0119 \u015awi\u0119to \u015awi\u0119tych<\/p>\n","protected":false},"author":1,"featured_media":1398,"comment_status":"closed","ping_status":"closed","sticky":false,"template":"","format":"standard","meta":{"colormag_page_container_layout":"default_layout","colormag_page_sidebar_layout":"default_layout","footnotes":""},"categories":[6],"tags":[],"class_list":["post-1804","post","type-post","status-publish","format-standard","has-post-thumbnail","hentry","category-ogloszenia"],"_links":{"self":[{"href":"https:\/\/kleparz.misjonarze.pl\/index.php\/wp-json\/wp\/v2\/posts\/1804","targetHints":{"allow":["GET"]}}],"collection":[{"href":"https:\/\/kleparz.misjonarze.pl\/index.php\/wp-json\/wp\/v2\/posts"}],"about":[{"href":"https:\/\/kleparz.misjonarze.pl\/index.php\/wp-json\/wp\/v2\/types\/post"}],"author":[{"embeddable":true,"href":"https:\/\/kleparz.misjonarze.pl\/index.php\/wp-json\/wp\/v2\/users\/1"}],"replies":[{"embeddable":true,"href":"https:\/\/kleparz.misjonarze.pl\/index.php\/wp-json\/wp\/v2\/comments?post=1804"}],"version-history":[{"count":0,"href":"https:\/\/kleparz.misjonarze.pl\/index.php\/wp-json\/wp\/v2\/posts\/1804\/revisions"}],"wp:featuredmedia":[{"embeddable":true,"href":"https:\/\/kleparz.misjonarze.pl\/index.php\/wp-json\/wp\/v2\/media\/1398"}],"wp:attachment":[{"href":"https:\/\/kleparz.misjonarze.pl\/index.php\/wp-json\/wp\/v2\/media?parent=1804"}],"wp:term":[{"taxonomy":"category","embeddable":true,"href":"https:\/\/kleparz.misjonarze.pl\/index.php\/wp-json\/wp\/v2\/categories?post=1804"},{"taxonomy":"post_tag","embeddable":true,"href":"https:\/\/kleparz.misjonarze.pl\/index.php\/wp-json\/wp\/v2\/tags?post=1804"}],"curies":[{"name":"wp","href":"https:\/\/api.w.org\/{rel}","templated":true}]}}