{"id":1799,"date":"2020-10-17T21:30:38","date_gmt":"2020-10-17T21:30:38","guid":{"rendered":"https:\/\/kleparz.misjonarze.pl\/index.php\/2020\/10\/17\/ogloszenia-duszpasterskie-xxix-niedziela-zwykla-18-10-2020r\/"},"modified":"2020-10-17T21:30:38","modified_gmt":"2020-10-17T21:30:38","slug":"ogloszenia-duszpasterskie-xxix-niedziela-zwykla-18-10-2020r","status":"publish","type":"post","link":"https:\/\/kleparz.misjonarze.pl\/index.php\/2020\/10\/17\/ogloszenia-duszpasterskie-xxix-niedziela-zwykla-18-10-2020r\/","title":{"rendered":"Og\u0142oszenia Duszpasterskie: XXIX Niedziela Zwyk\u0142a &#8211; 18.10.2020r."},"content":{"rendered":"<ol>\n<li>W dniu dzisiejszym prze\u017cywamy <strong>Niedziel\u0119 Misyjn\u0105<\/strong> pod has\u0142em: <strong>\u201e<em>Oto ja, po\u015blij mnie<\/em>\u201d,<\/strong> kt\u00f3ra rozpoczyna Tydzie\u0144 Misyjny. Wspierajmy wielkie dzie\u0142o misyjne Ko\u015bcio\u0142a nasz\u0105 modlitw\u0105 i ofiarami. Przy wyj\u015bciu z ko\u015bcio\u0142a mo\u017cna z\u0142o\u017cy\u0107 do skarbony ofiar\u0119 na misje.<\/li>\n<li>Dzisiaj te\u017c przypada wspomnienie \u015bw. \u0141ukasza, ewangelisty. \u015aw. \u0141ukasz jest patronem s\u0142u\u017cby zdrowia. Polecajmy w naszych modlitwach wszystkich, kt\u00f3rzy odwa\u017cnie i nawet z nara\u017ceniem w\u0142asnego \u017cycia, nios\u0105 pomoc drugiemu cz\u0142owiekowi w czasie trwaj\u0105cej pandemii.<\/li>\n<li><strong>Nabo\u017ce\u0144stwa r\u00f3\u017ca\u0144cowe<\/strong> w naszym ko\u015bciele odprawiamy przez ca\u0142y pa\u017adziernik po wieczornej Mszy \u015bw. Od 13 &#8211; 21 pa\u017adziernika do nabo\u017ce\u0144stwa r\u00f3\u017cnicowego do\u0142\u0105czamy modlitw\u0119 nowenny za wstawiennictwem \u015bw. Jana Paw\u0142a II o pe\u0142n\u0105 ochron\u0119 \u017cycia nienarodzonych. Trybuna\u0142 Konstytucyjny 22 Pa\u017adziernika ma decydowa\u0107 o zgodno\u015bci ustawy o ochronie ka\u017cdego dziecka pocz\u0119tego.<\/li>\n<li><strong>Wypominki za zmar\u0142ych<\/strong> mo\u017cna sk\u0142ada\u0107 do skarbony obok o\u0142tarza \u015bw. Antoniego. Za polecanych zmar\u0142ych b\u0119dziemy modli\u0107 si\u0119 wsp\u00f3lnie podczas nabo\u017ce\u0144stw wieczornych przez ca\u0142y miesi\u0105c listopad. Na furcie naszego domu przyjmujemy r\u00f3wnie\u017c Wypominki roczne. Za tych zmar\u0142ych modlimy si\u0119 podczas nabo\u017ce\u0144stw wieczornych we wszystkie czwartki, a w ka\u017cdy ostatni czwartek miesi\u0105ca odprawiamy wieczorn\u0105 Msz\u0119 \u015bwi\u0119t\u0105 o godz.17<sup>30<\/sup>.<\/li>\n<li>W rozpoczynaj\u0105cym si\u0119 tygodniu w liturgii we wtorek Uroczysto\u015b\u0107 \u015bw. Jan Kantego prezbitera, g\u0142\u00f3wnego patrona archidiecezji krakowskiej i miasta Krakowa. W czwartek wspomnienie \u015bw. Jana Paw\u0142a II, papie\u017ca.<\/li>\n<li>W zwi\u0105zku z wej\u015bciem naszego regionu w \u201eczerwon\u0105 stref\u0119\u201d i wprowadzeniem nowych obostrze\u0144, Metropolita Krakowski Arcybiskup Marek J\u0119draszewski udzieli\u0142 <strong>dyspensy od obowi\u0105zku niedzielnego i \u015bwi\u0105tecznego uczestnictwa we Mszy \u015awi\u0119tej<\/strong>. Dekret obowi\u0105zuje do odwo\u0142ania.<\/li>\n<li>Apelujemy w tym trudnym czasie o stosowanie si\u0119 do wszystkich zalece\u0144 s\u0142u\u017cb sanitarnych w tym do zakrywania nosa i twarzy dla dobra bli\u017anich oraz zachowanie dystansu.<\/li>\n<li>W przysz\u0142\u0105 niedziel\u0119<strong> nast\u0105pi zmiana czasu<\/strong> z letniego na zimowy &#8211; przesuni\u0119cie wskaz\u00f3wek zegara o jedn\u0105 godzin\u0119 do ty\u0142u (z 3h na 2h).<\/li>\n<\/ol>\n<p>Wszystkim \u017cyczymy b\u0142ogos\u0142awie\u0144stwa Bo\u017cego i opieki Matki Bo\u017cej na nowy tydzie\u0144.<\/p>\n","protected":false},"excerpt":{"rendered":"<p>W dniu dzisiejszym prze\u017cywamy Niedziel\u0119 Misyjn\u0105 pod has\u0142em: \u201eOto ja, po\u015blij mnie\u201d, kt\u00f3ra rozpoczyna Tydzie\u0144 Misyjny. Wspierajmy wielkie dzie\u0142o misyjne<\/p>\n","protected":false},"author":1,"featured_media":1398,"comment_status":"closed","ping_status":"closed","sticky":false,"template":"","format":"standard","meta":{"colormag_page_container_layout":"default_layout","colormag_page_sidebar_layout":"default_layout","footnotes":""},"categories":[6],"tags":[],"class_list":["post-1799","post","type-post","status-publish","format-standard","has-post-thumbnail","hentry","category-ogloszenia"],"_links":{"self":[{"href":"https:\/\/kleparz.misjonarze.pl\/index.php\/wp-json\/wp\/v2\/posts\/1799","targetHints":{"allow":["GET"]}}],"collection":[{"href":"https:\/\/kleparz.misjonarze.pl\/index.php\/wp-json\/wp\/v2\/posts"}],"about":[{"href":"https:\/\/kleparz.misjonarze.pl\/index.php\/wp-json\/wp\/v2\/types\/post"}],"author":[{"embeddable":true,"href":"https:\/\/kleparz.misjonarze.pl\/index.php\/wp-json\/wp\/v2\/users\/1"}],"replies":[{"embeddable":true,"href":"https:\/\/kleparz.misjonarze.pl\/index.php\/wp-json\/wp\/v2\/comments?post=1799"}],"version-history":[{"count":0,"href":"https:\/\/kleparz.misjonarze.pl\/index.php\/wp-json\/wp\/v2\/posts\/1799\/revisions"}],"wp:featuredmedia":[{"embeddable":true,"href":"https:\/\/kleparz.misjonarze.pl\/index.php\/wp-json\/wp\/v2\/media\/1398"}],"wp:attachment":[{"href":"https:\/\/kleparz.misjonarze.pl\/index.php\/wp-json\/wp\/v2\/media?parent=1799"}],"wp:term":[{"taxonomy":"category","embeddable":true,"href":"https:\/\/kleparz.misjonarze.pl\/index.php\/wp-json\/wp\/v2\/categories?post=1799"},{"taxonomy":"post_tag","embeddable":true,"href":"https:\/\/kleparz.misjonarze.pl\/index.php\/wp-json\/wp\/v2\/tags?post=1799"}],"curies":[{"name":"wp","href":"https:\/\/api.w.org\/{rel}","templated":true}]}}