{"id":1794,"date":"2020-10-11T09:53:23","date_gmt":"2020-10-11T09:53:23","guid":{"rendered":"https:\/\/kleparz.misjonarze.pl\/index.php\/2020\/10\/11\/ogloszenia-duszpasterskie-xxviii-niedziela-zwykla-11-10-2020r\/"},"modified":"2020-10-11T09:53:23","modified_gmt":"2020-10-11T09:53:23","slug":"ogloszenia-duszpasterskie-xxviii-niedziela-zwykla-11-10-2020r","status":"publish","type":"post","link":"https:\/\/kleparz.misjonarze.pl\/index.php\/2020\/10\/11\/ogloszenia-duszpasterskie-xxviii-niedziela-zwykla-11-10-2020r\/","title":{"rendered":"Og\u0142oszenia  Duszpasterskie: XXVIII Niedziela Zwyk\u0142a &#8211; 11.10.2020r."},"content":{"rendered":"<ol>\n<li>Dzisiaj w ca\u0142ej Polsce obchodzony jest <strong>XX Dzie\u0144 Papieski<\/strong> pod has\u0142em: ,,<strong><em>TOTUS TUUS<\/em><\/strong><em>\u201d<\/em>. Przed ko\u015bcio\u0142ami zbierane s\u0105 ofiary do puszek na <em>Dzie\u0142o Nowego Tysi\u0105clecia <\/em>czyli na pomoc w kszta\u0142ceniu zdolnej, a niezamo\u017cnej m\u0142odzie\u017cy. Zach\u0119camy do wsparcia tego wielkiego i \u00a0wa\u017cnego dzie\u0142a.<\/li>\n<li>Dzisiaj te\u017c, jak ka\u017cdego 11- dnia miesi\u0105ca o godzinie 15.00 Msza \u015bw. w kaplicy Matki Bo\u017cej Lourde\u0144skiej z udzieleniem Sakramentu Chorych. Msz\u0119 \u015bw. poprzedzi Koronka do Bo\u017cego Mi\u0142osierdzia.<\/li>\n<li><strong>Nabo\u017ce\u0144stwa r\u00f3\u017ca\u0144cowe<\/strong> odprawiamy po wieczornej Mszy \u015bw.: w niedziel\u0119 po Mszy \u015bw. o godz.16.30, a w dni powszednie po Mszy \u015bw. o godz.17.30 .<\/li>\n<li>W rozpoczynaj\u0105cym si\u0119 tygodniu w liturgii Ko\u015bcio\u0142a obchodzimy: w poniedzia\u0142ek wspomnienie \u015bw. Jana Beyzyma &#8211; prezbitera; we wtorek wspomnienie b\u0142. Honorata Ko\u017ami\u0144skiego, prezbitera; w czwartek wspomnienie; \u015bw. Teresy od Jezus, dziewicy i dr k-\u0142a; w pi\u0105tek wspomnienie \u015bw. Jadwigi \u015al\u0105skiej;\u00a0 w sobot\u0119 \u2013 wspomnienie \u015bw. Ignacego Antioche\u0144skiego, biskupa i m\u0119czennika; w przysz\u0142\u0105 niedziel\u0119\u00a0 wspomnienie \u015bw. \u0141ukasza, Ewangelisty \u2013 patrona s\u0142u\u017cby zdrowia.<\/li>\n<li>W pi\u0105tek 16 pa\u017adziernika przypada 42 rocznica wyboru Jana Paw\u0142a II na Stolic\u0119 Piotrow\u0105.<\/li>\n<li>Wypominki za zmar\u0142ych mo\u017cna ju\u017c sk\u0142ada\u0107 do przeznaczonej na to skarbony. Za polecanych zmar\u0142ych b\u0119dziemy modli\u0107 si\u0119 wsp\u00f3lnie podczas nabo\u017ce\u0144stw wieczornych przez ca\u0142y miesi\u0105c listopad. Na furcie naszego domu przyjmujemy r\u00f3wnie\u017c Wypominki Roczne.<\/li>\n<li>Przysz\u0142a niedziela to <strong>Niedziela Misyjna<\/strong>, rozpoczynaj\u0105ca Tydzie\u0144 Misyjny.<\/li>\n<li>W nadchodz\u0105cym tygodniu niech\u00a0 nam towarzyszy Bo\u017ce b\u0142ogos\u0142awie\u0144stwo!<\/li>\n<\/ol>\n","protected":false},"excerpt":{"rendered":"<p>Dzisiaj w ca\u0142ej Polsce obchodzony jest XX Dzie\u0144 Papieski pod has\u0142em: ,,TOTUS TUUS\u201d. Przed ko\u015bcio\u0142ami zbierane s\u0105 ofiary do puszek<\/p>\n","protected":false},"author":1,"featured_media":1598,"comment_status":"closed","ping_status":"closed","sticky":false,"template":"","format":"standard","meta":{"colormag_page_container_layout":"default_layout","colormag_page_sidebar_layout":"default_layout","footnotes":""},"categories":[6],"tags":[],"class_list":["post-1794","post","type-post","status-publish","format-standard","has-post-thumbnail","hentry","category-ogloszenia"],"_links":{"self":[{"href":"https:\/\/kleparz.misjonarze.pl\/index.php\/wp-json\/wp\/v2\/posts\/1794","targetHints":{"allow":["GET"]}}],"collection":[{"href":"https:\/\/kleparz.misjonarze.pl\/index.php\/wp-json\/wp\/v2\/posts"}],"about":[{"href":"https:\/\/kleparz.misjonarze.pl\/index.php\/wp-json\/wp\/v2\/types\/post"}],"author":[{"embeddable":true,"href":"https:\/\/kleparz.misjonarze.pl\/index.php\/wp-json\/wp\/v2\/users\/1"}],"replies":[{"embeddable":true,"href":"https:\/\/kleparz.misjonarze.pl\/index.php\/wp-json\/wp\/v2\/comments?post=1794"}],"version-history":[{"count":0,"href":"https:\/\/kleparz.misjonarze.pl\/index.php\/wp-json\/wp\/v2\/posts\/1794\/revisions"}],"wp:featuredmedia":[{"embeddable":true,"href":"https:\/\/kleparz.misjonarze.pl\/index.php\/wp-json\/wp\/v2\/media\/1598"}],"wp:attachment":[{"href":"https:\/\/kleparz.misjonarze.pl\/index.php\/wp-json\/wp\/v2\/media?parent=1794"}],"wp:term":[{"taxonomy":"category","embeddable":true,"href":"https:\/\/kleparz.misjonarze.pl\/index.php\/wp-json\/wp\/v2\/categories?post=1794"},{"taxonomy":"post_tag","embeddable":true,"href":"https:\/\/kleparz.misjonarze.pl\/index.php\/wp-json\/wp\/v2\/tags?post=1794"}],"curies":[{"name":"wp","href":"https:\/\/api.w.org\/{rel}","templated":true}]}}