{"id":1788,"date":"2020-10-03T20:50:18","date_gmt":"2020-10-03T20:50:18","guid":{"rendered":"https:\/\/kleparz.misjonarze.pl\/index.php\/2020\/10\/03\/ogloszenia-duszpasterskie-xxvii-niedziela-zwykla-4-pazdziernika-2020r\/"},"modified":"2020-10-03T20:50:18","modified_gmt":"2020-10-03T20:50:18","slug":"ogloszenia-duszpasterskie-xxvii-niedziela-zwykla-4-pazdziernika-2020r","status":"publish","type":"post","link":"https:\/\/kleparz.misjonarze.pl\/index.php\/2020\/10\/03\/ogloszenia-duszpasterskie-xxvii-niedziela-zwykla-4-pazdziernika-2020r\/","title":{"rendered":"Og\u0142oszenia Duszpasterskie: XXVII Niedziela Zwyk\u0142a \u2013 4 pa\u017adziernika 2020r."},"content":{"rendered":"<ol>\n<li>Dzisiaj przypada wspomnienie \u015bw. Franciszka z Asy\u017cu patrona ekolog\u00f3w.<\/li>\n<li>Zapraszamy na <strong>Nabo\u017ce\u0144stwa r\u00f3\u017ca\u0144cowe, <\/strong>kt\u00f3re w naszym ko\u015bciele odprawiamy w niedziele po Mszy \u015bw. o godz.16.30, a w dni powszednie po Mszy \u015bw.<br \/>\no godz.17.30.<\/li>\n<li>W rozpoczynaj\u0105cym si\u0119 tygodniu w liturgii Ko\u015bcio\u0142a obchodzimy: w poniedzia\u0142ek wspomnienie \u015bw. Faustyny Kowalskiej, dziewicy; w \u015brod\u0119 Naj\u015bwi\u0119tszej Maryi Panny R\u00f3\u017ca\u0144cowej; w pi\u0105tek\u00a0 wspomnienie b\u0142. Wincentego Kad\u0142ubka; a w przysz\u0142\u0105 niedziel\u0119 \u2013 wspomnienie \u015bw. Jana XXIII, papie\u017ca.<\/li>\n<li>W sobot\u0119 o godzinie 15.00 Koronka do Bo\u017cego Mi\u0142osierdzia i spotkanie wsp\u00f3lnoty Apostolatu Maryjnego.<\/li>\n<li>W przysz\u0142\u0105 niedziel\u0119 w ca\u0142ej Polsce obchodzony b\u0119dzie <strong>XX Dzie\u0144 Papieski<\/strong> pod has\u0142em: ,,<em>TOTUS TUUS\u201d (ca\u0142y Tw\u00f3j)<\/em>. Przed ko\u015bcio\u0142ami zbierane b\u0119d\u0105 ofiary do puszek na <em>Dzie\u0142o Nowego Tysi\u0105clecia<\/em> czyli na pomoc w kszta\u0142ceniu zdolnej,<br \/>\na niezamo\u017cnej m\u0142odzie\u017cy. Jest to \u017cywy pomnik \u015bw. Jana Paw\u0142a II, kt\u00f3ry przed<br \/>\n42 laty zosta\u0142 powo\u0142any na Stolic\u0119 Piotrow\u0105.<\/li>\n<li>Dzie\u0144 11-go pa\u017adziernika przypada w przysz\u0142\u0105 niedziel\u0119 dlatego, o godzinie 15<sup>00<\/sup> w naszym ko\u015bciele kolejna <strong>MSZA\u00a0 <\/strong><strong>\u015aw.<\/strong>\u00a0 w kaplicy Matki Bo\u017cej Lourde\u0144skiej przy s\u0142yn\u0105cej \u0141askami Figurze w intencji chorych i cierpi\u0105cych. W <em>Godzinie Mi\u0142osierdzia<\/em> odm\u00f3wimy najpierw Koronk\u0119\u00a0\u00a0 do Bo\u017cego Mi\u0142osierdzia. Podczas Mszy \u015bw. b\u0119dzie mo\u017cliwo\u015b\u0107 przyj\u0119cia Sakramentu Chorych.<\/li>\n<\/ol>\n","protected":false},"excerpt":{"rendered":"<p>Dzisiaj przypada wspomnienie \u015bw. Franciszka z Asy\u017cu patrona ekolog\u00f3w. Zapraszamy na Nabo\u017ce\u0144stwa r\u00f3\u017ca\u0144cowe, kt\u00f3re w naszym ko\u015bciele odprawiamy w niedziele<\/p>\n","protected":false},"author":1,"featured_media":1398,"comment_status":"closed","ping_status":"closed","sticky":false,"template":"","format":"standard","meta":{"colormag_page_container_layout":"default_layout","colormag_page_sidebar_layout":"default_layout","footnotes":""},"categories":[6],"tags":[],"class_list":["post-1788","post","type-post","status-publish","format-standard","has-post-thumbnail","hentry","category-ogloszenia"],"_links":{"self":[{"href":"https:\/\/kleparz.misjonarze.pl\/index.php\/wp-json\/wp\/v2\/posts\/1788","targetHints":{"allow":["GET"]}}],"collection":[{"href":"https:\/\/kleparz.misjonarze.pl\/index.php\/wp-json\/wp\/v2\/posts"}],"about":[{"href":"https:\/\/kleparz.misjonarze.pl\/index.php\/wp-json\/wp\/v2\/types\/post"}],"author":[{"embeddable":true,"href":"https:\/\/kleparz.misjonarze.pl\/index.php\/wp-json\/wp\/v2\/users\/1"}],"replies":[{"embeddable":true,"href":"https:\/\/kleparz.misjonarze.pl\/index.php\/wp-json\/wp\/v2\/comments?post=1788"}],"version-history":[{"count":0,"href":"https:\/\/kleparz.misjonarze.pl\/index.php\/wp-json\/wp\/v2\/posts\/1788\/revisions"}],"wp:featuredmedia":[{"embeddable":true,"href":"https:\/\/kleparz.misjonarze.pl\/index.php\/wp-json\/wp\/v2\/media\/1398"}],"wp:attachment":[{"href":"https:\/\/kleparz.misjonarze.pl\/index.php\/wp-json\/wp\/v2\/media?parent=1788"}],"wp:term":[{"taxonomy":"category","embeddable":true,"href":"https:\/\/kleparz.misjonarze.pl\/index.php\/wp-json\/wp\/v2\/categories?post=1788"},{"taxonomy":"post_tag","embeddable":true,"href":"https:\/\/kleparz.misjonarze.pl\/index.php\/wp-json\/wp\/v2\/tags?post=1788"}],"curies":[{"name":"wp","href":"https:\/\/api.w.org\/{rel}","templated":true}]}}