{"id":1678,"date":"2020-06-08T08:48:09","date_gmt":"2020-06-08T08:48:09","guid":{"rendered":"https:\/\/kleparz.misjonarze.pl\/index.php\/2020\/06\/08\/ogloszenia-duszpasterskie-x-niedziela-zwykla-uroczystosc-najswietszej-trojcy-7-06-2020r\/"},"modified":"2020-06-08T08:48:09","modified_gmt":"2020-06-08T08:48:09","slug":"ogloszenia-duszpasterskie-x-niedziela-zwykla-uroczystosc-najswietszej-trojcy-7-06-2020r","status":"publish","type":"post","link":"https:\/\/kleparz.misjonarze.pl\/index.php\/2020\/06\/08\/ogloszenia-duszpasterskie-x-niedziela-zwykla-uroczystosc-najswietszej-trojcy-7-06-2020r\/","title":{"rendered":"Og\u0142oszenia Duszpasterskie: X Niedziela Zwyk\u0142a &#8211; Uroczysto\u015b\u0107  Naj\u015bwi\u0119tszej Tr\u00f3jcy &#8211; 7.06.2020r."},"content":{"rendered":"<ol>\n<li>W archidiecezji krakowskiej ko\u0144czy si\u0119 dzi\u015b okres spowiedzi i Komunii \u015bw. wielkanocnej.<\/li>\n<li>W czwartek \u2013 11 czerwca<strong> \u2013\u00a0 UROCZYSTO\u015a\u0106\u00a0 NAJ\u015aWI\u0118TSZEGO\u00a0 CIA\u0141A\u00a0 I\u00a0 KRWI CHRYSTUSA ( Bo\u017ce Cia\u0142o). <\/strong>Centralna procesja Bo\u017cego Cia\u0142a z Wawelu na Rynek G\u0142\u00f3wny rozpocznie si\u0119 Msz\u0105 \u015bw. w Katedrze Wawelskiej o godzinie\u00a0 9<sup>00<\/sup>. Msze \u015bwi\u0119te w naszym ko\u015bciele jak w ka\u017cd\u0105 niedziel\u0119. W parafii \u015bw. Floriana o godzinie 15<sup>15<\/sup>\u00a0 Msza \u015bw. a nast\u0119pnie procesja eucharystyczna wok\u00f3\u0142\u00a0 ko\u015bcio\u0142a.<\/li>\n<li>W czwartek 11-go czerwca w Uroczysto\u015b\u0107 Bo\u017cego Cia\u0142a o godzinie 15<sup>00<\/sup> \u00a0w naszym ko\u015bciele\u00a0 MSZA\u00a0 \u015aw. kaplicy Matki Bo\u017cej Lourde\u0144skiej\u00a0 przy s\u0142yn\u0105cej\u00a0 \u0141askami Figurze w intencji chorych i cierpi\u0105cych. Podczas Mszy \u015bw. b\u0119dzie mo\u017cliwo\u015b\u0107 przyj\u0119cia Sakramentu Chorych. Zapraszamy\u00a0 Apostolat Maryjny i wszystkich, kt\u00f3rzy chcieliby w\u0142\u0105czy\u0107 si\u0119 do ewangelizacji poprzez rozpowszechnianie\u00a0 <strong><em>\u201eDaru Niepokalanej\u201d,<\/em><\/strong> jakim jest Cudowny Medalik i wszystkich czcicieli Matki Bo\u017cej Lourde\u0144skiej.<\/li>\n<li>W rozpoczynaj\u0105cym si\u0119 tygodniu w liturgii wspomnienie: w poniedzia\u0142ek, \u015bw. Jadwigi Kr\u00f3lowej; w pi\u0105tek b\u0142ogos\u0142awionego Piotra Da\u0144kowskiego, prezbitera i m\u0119czennika oraz towarzyszy; w sobot\u0119 \u015bw. Antoniego z Padwy prezbitera i doktora ko\u015bcio\u0142a.<\/li>\n<li>Wszystkim solenizantkom i solenizantom rozpoczynaj\u0105cego si\u0119 tygodnia sk\u0142adamy serdeczne \u017cyczenia.<\/li>\n<\/ol>\n","protected":false},"excerpt":{"rendered":"<p>W archidiecezji krakowskiej ko\u0144czy si\u0119 dzi\u015b okres spowiedzi i Komunii \u015bw. wielkanocnej. W czwartek \u2013 11 czerwca \u2013\u00a0 UROCZYSTO\u015a\u0106\u00a0 NAJ\u015aWI\u0118TSZEGO\u00a0<\/p>\n","protected":false},"author":1,"featured_media":1398,"comment_status":"closed","ping_status":"closed","sticky":false,"template":"","format":"standard","meta":{"colormag_page_container_layout":"default_layout","colormag_page_sidebar_layout":"default_layout","footnotes":""},"categories":[6],"tags":[],"class_list":["post-1678","post","type-post","status-publish","format-standard","has-post-thumbnail","hentry","category-ogloszenia"],"_links":{"self":[{"href":"https:\/\/kleparz.misjonarze.pl\/index.php\/wp-json\/wp\/v2\/posts\/1678","targetHints":{"allow":["GET"]}}],"collection":[{"href":"https:\/\/kleparz.misjonarze.pl\/index.php\/wp-json\/wp\/v2\/posts"}],"about":[{"href":"https:\/\/kleparz.misjonarze.pl\/index.php\/wp-json\/wp\/v2\/types\/post"}],"author":[{"embeddable":true,"href":"https:\/\/kleparz.misjonarze.pl\/index.php\/wp-json\/wp\/v2\/users\/1"}],"replies":[{"embeddable":true,"href":"https:\/\/kleparz.misjonarze.pl\/index.php\/wp-json\/wp\/v2\/comments?post=1678"}],"version-history":[{"count":0,"href":"https:\/\/kleparz.misjonarze.pl\/index.php\/wp-json\/wp\/v2\/posts\/1678\/revisions"}],"wp:featuredmedia":[{"embeddable":true,"href":"https:\/\/kleparz.misjonarze.pl\/index.php\/wp-json\/wp\/v2\/media\/1398"}],"wp:attachment":[{"href":"https:\/\/kleparz.misjonarze.pl\/index.php\/wp-json\/wp\/v2\/media?parent=1678"}],"wp:term":[{"taxonomy":"category","embeddable":true,"href":"https:\/\/kleparz.misjonarze.pl\/index.php\/wp-json\/wp\/v2\/categories?post=1678"},{"taxonomy":"post_tag","embeddable":true,"href":"https:\/\/kleparz.misjonarze.pl\/index.php\/wp-json\/wp\/v2\/tags?post=1678"}],"curies":[{"name":"wp","href":"https:\/\/api.w.org\/{rel}","templated":true}]}}