{"id":1080,"date":"2019-01-26T16:15:16","date_gmt":"2019-01-26T16:15:16","guid":{"rendered":"https:\/\/kleparz.misjonarze.pl\/index.php\/2019\/01\/26\/1080\/"},"modified":"2019-01-26T16:15:16","modified_gmt":"2019-01-26T16:15:16","slug":"1080","status":"publish","type":"post","link":"https:\/\/kleparz.misjonarze.pl\/index.php\/2019\/01\/26\/1080\/","title":{"rendered":"Og\u0142oszenia Duszpasterskie: III Niedziela Zwyk\u0142a 27.01.2019"},"content":{"rendered":"<ol>\n<li><strong>W liturgii rozpoczynaj\u0105cego si\u0119 tygodnia w poniedzia\u0142ek wspomnienie <\/strong>\u015b<strong>w. Tomasza z Akwinu, prezbitera i doktora ko\u015bcio\u0142a, <\/strong>w czwartek &#8211; <strong>wspomnienie <\/strong>\u015b<strong>w. Jana Bosko, prezbitera, kt\u00f3ry jest patronem wychowawc\u00f3w.<\/strong><\/li>\n<li>W tym tygodniu przypadaj\u0105<strong>: pierwszy pi\u0105tek i sobota miesi\u0105ca<\/strong>. Okazja do spowiedzi\u00a0 przez ca\u0142y tydzie\u0144\u00a0\u00a0 <strong>od 5<sup>30 <\/sup>do 9<sup>30\u00a0 <\/sup>i od 17<sup>00<\/sup> do 18<sup>00<\/sup>. <\/strong><\/li>\n<li>W sobot\u0119\u00a0 <strong>2 lutego<\/strong> <strong>\u015bwi\u0119to Ofiarowania Pa\u0144skiego. <\/strong>Poniewa\u017c jest to pierwsza\u00a0 sobota miesi\u0105ca<br \/>\nw naszym ko\u015bciele po Mszy \u015bw. o godzinie 9<sup>00<\/sup> odprawimy\u00a0 <strong>Nabo\u017ce\u0144stwo Wynagradzaj\u0105ce Pi\u0119ciu Pierwszych Sob\u00f3t Miesi\u0105ca<\/strong>, o kt\u00f3re Matka Bo\u017ca prosi\u0142a w czasie <strong>Objawie\u0144 w Fatimie<\/strong>. Po Mszy \u015bw. w ramach tego nabo\u017ce\u0144stwa odm\u00f3wimy cz\u0105stk\u0119 r\u00f3\u017ca\u0144ca \u015bw. z medytacj\u0105 przed\u00a0 Naj\u015bwi\u0119tszym Sakramentem za grzechy i zniewagi ca\u0142ej ludzko\u015bci. <strong>Jest to te\u017c XXIII <em>Dzie\u0144 \u017bycia Konsekrowanego<\/em>. <\/strong>Ofiary z\u0142o\u017cone na tac\u0119 w tym dniu b\u0119d\u0105 przeznaczone na wsparcie\u00a0 zakon\u00f3w kontemplacyjnych<strong>. Osoby \u017cycia konsekrowanego Ko\u015bcio\u0142a Krakowskiego zbior\u0105 si\u0119 na Mszy \u015bw. w Bazylice Mariackiej\u00a0 o godzinie 12<sup>00<\/sup>. <\/strong><\/li>\n<li><strong>11 lutego \u2013 przypada w liturgii \u015awi\u0119to Matki Bo\u017cej Lourde\u0144skiej. W naszym ko\u015bciele b\u0119dziemy obchodzili doroczn\u0105 Uroczysto\u015b\u0107 Odpustow\u0105. W tym dniu przypada <em>XXVII \u015awiatowy Dzie\u0144 Chorego<\/em>. Ju\u017c dzi\u015b informujemy, \u017ce uroczysta Suma Odpustowa b\u0119dzie odprawiona o godzinie 17<sup>30<\/sup>. W czasie Mszy \u015bwi\u0119tych o godzinie 9<sup>00<\/sup> zostanie udzielony Sakrament Namaszczenia osobom chorym, cierpi\u0105cym i starszym wiekiem.<\/strong><\/li>\n<li><strong>Od 1 lutego 2019 roku rozpocznie si\u0119 rekrutacja do Przedszkola nr 2 <\/strong>si\u00f3str Mi\u0142osierdzia przy ul. Warszawskiej 6 w Krakowie. Bli\u017csze informacje na plakacie w gablocie przed ko\u015bcio\u0142em.<\/li>\n<li>W dniu 7 listopada 2018 roku Ojciec \u015aw. Franciszek zatwierdzi\u0142 trwaj\u0105cy od wiek\u00f3w kult b\u0142ogos\u0142awionego Micha\u0142a Giedroycia, zakrystianina z ko\u015bcio\u0142a \u015bw. Marka Ewangelisty w Krakowie i tym samym potwierdzi\u0142, \u017ce jest on b\u0142ogos\u0142awionym Ko\u015bcio\u0142a Katolickiego. Dzi\u0119kczynne\u00a0 uroczysto\u015bci diecezjalne odb\u0119d\u0105 si\u0119 8.06.2019 r. w Bazylice Mariackiej. Poniewa\u017c wielu nie zna go dobrze, rektor ko\u015bcio\u0142a \u015bw. Marka w Krakowie, ul. \u015bw. Marka 10, zaprasza na comiesi\u0119czne spotkania w ka\u017cdy drugi pi\u0105tek miesi\u0105ca (od lutego do maja) na godzin\u0119 18.00 na konferencje przybli\u017caj\u0105ce jego posta\u0107 i duchowo\u015b\u0107 oraz b\u0142ogos\u0142awie\u0144stwo relikwiami B\u0142ogos\u0142awionego.<\/li>\n<\/ol>\n","protected":false},"excerpt":{"rendered":"<p>W liturgii rozpoczynaj\u0105cego si\u0119 tygodnia w poniedzia\u0142ek wspomnienie \u015bw. Tomasza z Akwinu, prezbitera i doktora ko\u015bcio\u0142a, w czwartek &#8211; wspomnienie<\/p>\n","protected":false},"author":1,"featured_media":694,"comment_status":"closed","ping_status":"closed","sticky":false,"template":"","format":"standard","meta":{"colormag_page_container_layout":"default_layout","colormag_page_sidebar_layout":"default_layout","footnotes":""},"categories":[6],"tags":[],"class_list":["post-1080","post","type-post","status-publish","format-standard","has-post-thumbnail","hentry","category-ogloszenia"],"_links":{"self":[{"href":"https:\/\/kleparz.misjonarze.pl\/index.php\/wp-json\/wp\/v2\/posts\/1080","targetHints":{"allow":["GET"]}}],"collection":[{"href":"https:\/\/kleparz.misjonarze.pl\/index.php\/wp-json\/wp\/v2\/posts"}],"about":[{"href":"https:\/\/kleparz.misjonarze.pl\/index.php\/wp-json\/wp\/v2\/types\/post"}],"author":[{"embeddable":true,"href":"https:\/\/kleparz.misjonarze.pl\/index.php\/wp-json\/wp\/v2\/users\/1"}],"replies":[{"embeddable":true,"href":"https:\/\/kleparz.misjonarze.pl\/index.php\/wp-json\/wp\/v2\/comments?post=1080"}],"version-history":[{"count":0,"href":"https:\/\/kleparz.misjonarze.pl\/index.php\/wp-json\/wp\/v2\/posts\/1080\/revisions"}],"wp:featuredmedia":[{"embeddable":true,"href":"https:\/\/kleparz.misjonarze.pl\/index.php\/wp-json\/wp\/v2\/media\/694"}],"wp:attachment":[{"href":"https:\/\/kleparz.misjonarze.pl\/index.php\/wp-json\/wp\/v2\/media?parent=1080"}],"wp:term":[{"taxonomy":"category","embeddable":true,"href":"https:\/\/kleparz.misjonarze.pl\/index.php\/wp-json\/wp\/v2\/categories?post=1080"},{"taxonomy":"post_tag","embeddable":true,"href":"https:\/\/kleparz.misjonarze.pl\/index.php\/wp-json\/wp\/v2\/tags?post=1080"}],"curies":[{"name":"wp","href":"https:\/\/api.w.org\/{rel}","templated":true}]}}